{"id":61764,"date":"2016-06-03T05:57:30","date_gmt":"2016-06-03T08:57:30","guid":{"rendered":"http:\/\/www.blogdotarugao.com.br\/v1\/?p=61764"},"modified":"2016-06-03T05:57:30","modified_gmt":"2016-06-03T08:57:30","slug":"acidente-na-serra-do-marcal-deixa-tres-pessoas-ficam-feridas","status":"publish","type":"post","link":"https:\/\/www.blogdotarugao.com.br\/v1\/2016\/06\/03\/acidente-na-serra-do-marcal-deixa-tres-pessoas-ficam-feridas\/","title":{"rendered":"Acidente na Serra do Mar\u00e7al deixa tr\u00eas pessoas ficam feridas"},"content":{"rendered":"<h3 style=\"text-align: justify;\"><img loading=\"lazy\" class=\"aligncenter  wp-image-61766\" src=\"http:\/\/www.blogdotarugao.com.br\/v1\/wp-content\/uploads\/2016\/06\/Itambeagora-2.jpg\" alt=\"Itambeagora 2\" width=\"581\" height=\"387\" srcset=\"https:\/\/www.blogdotarugao.com.br\/v1\/wp-content\/uploads\/2016\/06\/Itambeagora-2.jpg 420w, https:\/\/www.blogdotarugao.com.br\/v1\/wp-content\/uploads\/2016\/06\/Itambeagora-2-300x200.jpg 300w\" sizes=\"(max-width: 581px) 100vw, 581px\" \/>Tr\u00eas pessoas ficaram feridas num acidente na Serra do Ma\u00e7al, nesta sexta-feira (02), em perigoso trecho da BA-263, pr\u00f3ximo a Itamb\u00e9. De acordo com informa\u00e7\u00f5es, o condutor do ve\u00edculo teria perdido o controle da dire\u00e7\u00e3o e sa\u00eddo da pista quando o carro capotou. No ve\u00edculo estavam, al\u00e9m do motorista, uma mulher e um menino.<img loading=\"lazy\" class=\"aligncenter size-full wp-image-61765\" src=\"http:\/\/www.blogdotarugao.com.br\/v1\/wp-content\/uploads\/2016\/06\/Itambeagora-3-1.jpg\" alt=\"Itambeagora 3 (1)\" width=\"640\" height=\"376\" srcset=\"https:\/\/www.blogdotarugao.com.br\/v1\/wp-content\/uploads\/2016\/06\/Itambeagora-3-1.jpg 640w, https:\/\/www.blogdotarugao.com.br\/v1\/wp-content\/uploads\/2016\/06\/Itambeagora-3-1-300x176.jpg 300w\" sizes=\"(max-width: 640px) 100vw, 640px\" \/><\/h3>\n<h3 style=\"text-align: justify;\">O casal recebeu os primeiros socorros no local e foi liberado em seguida. J\u00e1 a crian\u00e7a foi trazida para o Hospital Geral de Vit\u00f3ria da Conquista pelo Servi\u00e7o de Atendimento M\u00f3vel de Urg\u00eancia (SAMU). A Pol\u00edcia Rodovi\u00e1ria Estadual registrou a ocorr\u00eancia. <img loading=\"lazy\" class=\"aligncenter  wp-image-61767\" src=\"http:\/\/www.blogdotarugao.com.br\/v1\/wp-content\/uploads\/2016\/06\/serra-do-mar\u00e7al-990x743.jpg\" alt=\"serra-do-mar\u00e7al-990x743\" width=\"580\" height=\"435\" srcset=\"https:\/\/www.blogdotarugao.com.br\/v1\/wp-content\/uploads\/2016\/06\/serra-do-mar\u00e7al-990x743.jpg 990w, https:\/\/www.blogdotarugao.com.br\/v1\/wp-content\/uploads\/2016\/06\/serra-do-mar\u00e7al-990x743-300x225.jpg 300w\" sizes=\"(max-width: 580px) 100vw, 580px\" \/>(Blog do Anderson)<\/h3>\n","protected":false},"excerpt":{"rendered":"<p>Tr\u00eas pessoas ficaram feridas num acidente na Serra do Ma\u00e7al, nesta sexta-feira (02), em perigoso trecho da BA-263, pr\u00f3ximo a Itamb\u00e9. De acordo com informa\u00e7\u00f5es, o condutor do ve\u00edculo teria perdido o controle da dire\u00e7\u00e3o e sa\u00eddo da pista quando o carro capotou. No ve\u00edculo estavam, al\u00e9m do motorista, uma mulher e um menino. O [&hellip;]<\/p>\n","protected":false},"author":2,"featured_media":0,"comment_status":"open","ping_status":"open","sticky":false,"template":"","format":"standard","meta":{"_links_to":"","_links_to_target":""},"categories":[6],"tags":[],"_links":{"self":[{"href":"https:\/\/www.blogdotarugao.com.br\/v1\/wp-json\/wp\/v2\/posts\/61764"}],"collection":[{"href":"https:\/\/www.blogdotarugao.com.br\/v1\/wp-json\/wp\/v2\/posts"}],"about":[{"href":"https:\/\/www.blogdotarugao.com.br\/v1\/wp-json\/wp\/v2\/types\/post"}],"author":[{"embeddable":true,"href":"https:\/\/www.blogdotarugao.com.br\/v1\/wp-json\/wp\/v2\/users\/2"}],"replies":[{"embeddable":true,"href":"https:\/\/www.blogdotarugao.com.br\/v1\/wp-json\/wp\/v2\/comments?post=61764"}],"version-history":[{"count":1,"href":"https:\/\/www.blogdotarugao.com.br\/v1\/wp-json\/wp\/v2\/posts\/61764\/revisions"}],"predecessor-version":[{"id":61768,"href":"https:\/\/www.blogdotarugao.com.br\/v1\/wp-json\/wp\/v2\/posts\/61764\/revisions\/61768"}],"wp:attachment":[{"href":"https:\/\/www.blogdotarugao.com.br\/v1\/wp-json\/wp\/v2\/media?parent=61764"}],"wp:term":[{"taxonomy":"category","embeddable":true,"href":"https:\/\/www.blogdotarugao.com.br\/v1\/wp-json\/wp\/v2\/categories?post=61764"},{"taxonomy":"post_tag","embeddable":true,"href":"https:\/\/www.blogdotarugao.com.br\/v1\/wp-json\/wp\/v2\/tags?post=61764"}],"curies":[{"name":"wp","href":"https:\/\/api.w.org\/{rel}","templated":true}]}}