{"id":61781,"date":"2016-06-03T12:02:05","date_gmt":"2016-06-03T15:02:05","guid":{"rendered":"http:\/\/www.blogdotarugao.com.br\/v1\/?p=61781"},"modified":"2016-06-03T12:13:14","modified_gmt":"2016-06-03T15:13:14","slug":"com-vestido-curtissimo-solange-almeida-esbanja-boa-forma-e-fas-elogiam","status":"publish","type":"post","link":"https:\/\/www.blogdotarugao.com.br\/v1\/2016\/06\/03\/com-vestido-curtissimo-solange-almeida-esbanja-boa-forma-e-fas-elogiam\/","title":{"rendered":"Com vestido curt\u00edssimo, Solange Almeida esbanja boa forma e f\u00e3s elogiam"},"content":{"rendered":"<h3 style=\"text-align: justify;\"><iframe loading=\"lazy\" src=\"https:\/\/www.facebook.com\/plugins\/post.php?href=https%3A%2F%2Fwww.facebook.com%2FSolAlmeidaa%2Fposts%2F1254638251227800%3A0&amp;width=500\" width=\"585\" height=\"709\" frameborder=\"0\" scrolling=\"no\"><\/iframe>A mensagem de reflex\u00e3o de Solange Almeida quase passou despercebida na manh\u00e3 desta sexta-feira (3). Publicada na p\u00e1gina oficial da cantora no Facebook, o que mais chamou a aten\u00e7\u00e3o dos f\u00e3s foi a imagem utilizada, em que a vocalista da banda Avi\u00f5es do Forr\u00f3 aparece com um vestido curt\u00edssimo e esbanjando boa forma.<\/h3>\n<h3 style=\"text-align: justify;\">Com a legenda &#8220;E se voc\u00ea acordasse hoje com apenas aquilo que agradeceu a Deus ontem antes de dormir!?&#8221;, Sol teve mais elogios pelo &#8220;corpo viol\u00e3o&#8221; do que resposta pela pergunta. &#8220;Tah (sic) top essa foto de Solange!&#8221;, escreveu uma seguidora. &#8220;Linda, perfeita minha diva&#8221;, comentou outra ressaltando a beleza da baiana.<\/h3>\n<h3 style=\"text-align: justify;\"><\/h3>\n<h3 style=\"text-align: justify;\"><\/h3>\n","protected":false},"excerpt":{"rendered":"<p>A mensagem de reflex\u00e3o de Solange Almeida quase passou despercebida na manh\u00e3 desta sexta-feira (3). Publicada na p\u00e1gina oficial da cantora no Facebook, o que mais chamou a aten\u00e7\u00e3o dos f\u00e3s foi a imagem utilizada, em que a vocalista da banda Avi\u00f5es do Forr\u00f3 aparece com um vestido curt\u00edssimo e esbanjando boa forma. Com a [&hellip;]<\/p>\n","protected":false},"author":2,"featured_media":0,"comment_status":"open","ping_status":"open","sticky":false,"template":"","format":"standard","meta":{"_links_to":"","_links_to_target":""},"categories":[1],"tags":[],"_links":{"self":[{"href":"https:\/\/www.blogdotarugao.com.br\/v1\/wp-json\/wp\/v2\/posts\/61781"}],"collection":[{"href":"https:\/\/www.blogdotarugao.com.br\/v1\/wp-json\/wp\/v2\/posts"}],"about":[{"href":"https:\/\/www.blogdotarugao.com.br\/v1\/wp-json\/wp\/v2\/types\/post"}],"author":[{"embeddable":true,"href":"https:\/\/www.blogdotarugao.com.br\/v1\/wp-json\/wp\/v2\/users\/2"}],"replies":[{"embeddable":true,"href":"https:\/\/www.blogdotarugao.com.br\/v1\/wp-json\/wp\/v2\/comments?post=61781"}],"version-history":[{"count":4,"href":"https:\/\/www.blogdotarugao.com.br\/v1\/wp-json\/wp\/v2\/posts\/61781\/revisions"}],"predecessor-version":[{"id":61790,"href":"https:\/\/www.blogdotarugao.com.br\/v1\/wp-json\/wp\/v2\/posts\/61781\/revisions\/61790"}],"wp:attachment":[{"href":"https:\/\/www.blogdotarugao.com.br\/v1\/wp-json\/wp\/v2\/media?parent=61781"}],"wp:term":[{"taxonomy":"category","embeddable":true,"href":"https:\/\/www.blogdotarugao.com.br\/v1\/wp-json\/wp\/v2\/categories?post=61781"},{"taxonomy":"post_tag","embeddable":true,"href":"https:\/\/www.blogdotarugao.com.br\/v1\/wp-json\/wp\/v2\/tags?post=61781"}],"curies":[{"name":"wp","href":"https:\/\/api.w.org\/{rel}","templated":true}]}}