{"id":61808,"date":"2016-06-03T16:46:41","date_gmt":"2016-06-03T19:46:41","guid":{"rendered":"http:\/\/www.blogdotarugao.com.br\/v1\/?p=61808"},"modified":"2016-06-03T17:16:03","modified_gmt":"2016-06-03T20:16:03","slug":"pre-candidato-rodrigo-hagge-no-jornal-da-cidade-queremos-devolver-ao-povo-desta-terra-o-orgulho-de-ser-itapetinguense","status":"publish","type":"post","link":"https:\/\/www.blogdotarugao.com.br\/v1\/2016\/06\/03\/pre-candidato-rodrigo-hagge-no-jornal-da-cidade-queremos-devolver-ao-povo-desta-terra-o-orgulho-de-ser-itapetinguense\/","title":{"rendered":"PR\u00c9-CANDIDATO RODRIGO HAGGE NO JORNAL DA CIDADE: \u201cQUEREMOS DEVOLVER AO POVO DESTA TERRA O ORGULHO DE SER ITAPETINGUENSE\u201d"},"content":{"rendered":"<h3 style=\"text-align: justify;\"><img loading=\"lazy\" class=\"  wp-image-61810 alignleft\" src=\"http:\/\/www.blogdotarugao.com.br\/v1\/wp-content\/uploads\/2016\/06\/rodrigo-na-entrevista1.jpg\" alt=\"rodrigo na entrevista1\" width=\"584\" height=\"438\" srcset=\"https:\/\/www.blogdotarugao.com.br\/v1\/wp-content\/uploads\/2016\/06\/rodrigo-na-entrevista1.jpg 960w, https:\/\/www.blogdotarugao.com.br\/v1\/wp-content\/uploads\/2016\/06\/rodrigo-na-entrevista1-300x225.jpg 300w\" sizes=\"(max-width: 584px) 100vw, 584px\" \/>O pr\u00e9-candidato a prefeito pelo PMDB, Rodrigo Hagge, que faz parte do grupo que disputa a vaga para representar as oposi\u00e7\u00f5es nas pr\u00f3ximas elei\u00e7\u00f5es, esteve na manh\u00e3 desta sexta-feira, 03, participando do programa \u201cJornal da Cidade\u201d, apresentado por Tarug\u00e3o, Roberto Kl\u00e9ber e Gl\u00f3ria Maria.<\/h3>\n<h3 style=\"text-align: justify;\">Na oportunidade, o jovem advogado de 26 anos fez um r\u00e1pido relato de sua biografia, enfatizando sua necessidade de ter ido estudar em Salvador, l\u00e1 ficando por mais alguns anos, atuando em escrit\u00f3rios renomados de advocacia eleitoral e tamb\u00e9m teve a oportunidade de trabalhar na prefeitura de Salvador, como integrante da equipe do prefeito ACM Neto.<img loading=\"lazy\" class=\"  wp-image-61809 alignleft\" src=\"http:\/\/www.blogdotarugao.com.br\/v1\/wp-content\/uploads\/2016\/06\/rodrigo-NA-ENTREVISTA2.jpg\" alt=\"rodrigo NA ENTREVISTA2\" width=\"584\" height=\"438\" srcset=\"https:\/\/www.blogdotarugao.com.br\/v1\/wp-content\/uploads\/2016\/06\/rodrigo-NA-ENTREVISTA2.jpg 960w, https:\/\/www.blogdotarugao.com.br\/v1\/wp-content\/uploads\/2016\/06\/rodrigo-NA-ENTREVISTA2-300x225.jpg 300w\" sizes=\"(max-width: 584px) 100vw, 584px\" \/><\/h3>\n<h3 style=\"text-align: justify;\">Inquirido pelos ouvintes sobre diversos assuntos, Rodrigo Hagge n\u00e3o titubeou em responder e, muito carism\u00e1tico, passou a impress\u00e3o de que est\u00e1 realmente em campanha n\u00e3o visando promo\u00e7\u00e3o pessoal ou de grupo, mas sim \u201cpor ter interesse em ver a nossa cidade, a Itapetinga que tanto amo, que j\u00e1 foi t\u00e3o bem administrada por meu av\u00f4 Michel Hagge, e outros bons prefeitos, voltar novamente aos trilhos do progresso e do desenvolvimento.<img loading=\"lazy\" class=\"  wp-image-61811 alignleft\" src=\"http:\/\/www.blogdotarugao.com.br\/v1\/wp-content\/uploads\/2016\/06\/Rodrigo-na-entrevista.jpg\" alt=\"Rodrigo na entrevista\" width=\"584\" height=\"438\" srcset=\"https:\/\/www.blogdotarugao.com.br\/v1\/wp-content\/uploads\/2016\/06\/Rodrigo-na-entrevista.jpg 960w, https:\/\/www.blogdotarugao.com.br\/v1\/wp-content\/uploads\/2016\/06\/Rodrigo-na-entrevista-300x225.jpg 300w\" sizes=\"(max-width: 584px) 100vw, 584px\" \/><\/h3>\n<h3 style=\"text-align: justify;\">Precisamos resgatar a autoestima de nosso povo, amparar a juventude com postos de trabalho, esporte, lazer, cultura, cuidar dos bens p\u00fablicos que est\u00e3o abandonados e principalmente resgatar o orgulho de ser itapetinguense. Tenho andado pelos quatro cantos da cidade e sinto que todos t\u00eam este mesmo sentimento\u201d.<\/h3>\n","protected":false},"excerpt":{"rendered":"<p>O pr\u00e9-candidato a prefeito pelo PMDB, Rodrigo Hagge, que faz parte do grupo que disputa a vaga para representar as oposi\u00e7\u00f5es nas pr\u00f3ximas elei\u00e7\u00f5es, esteve na manh\u00e3 desta sexta-feira, 03, participando do programa \u201cJornal da Cidade\u201d, apresentado por Tarug\u00e3o, Roberto Kl\u00e9ber e Gl\u00f3ria Maria. Na oportunidade, o jovem advogado de 26 anos fez um r\u00e1pido [&hellip;]<\/p>\n","protected":false},"author":2,"featured_media":0,"comment_status":"open","ping_status":"open","sticky":false,"template":"","format":"standard","meta":{"_links_to":"","_links_to_target":""},"categories":[1],"tags":[],"_links":{"self":[{"href":"https:\/\/www.blogdotarugao.com.br\/v1\/wp-json\/wp\/v2\/posts\/61808"}],"collection":[{"href":"https:\/\/www.blogdotarugao.com.br\/v1\/wp-json\/wp\/v2\/posts"}],"about":[{"href":"https:\/\/www.blogdotarugao.com.br\/v1\/wp-json\/wp\/v2\/types\/post"}],"author":[{"embeddable":true,"href":"https:\/\/www.blogdotarugao.com.br\/v1\/wp-json\/wp\/v2\/users\/2"}],"replies":[{"embeddable":true,"href":"https:\/\/www.blogdotarugao.com.br\/v1\/wp-json\/wp\/v2\/comments?post=61808"}],"version-history":[{"count":3,"href":"https:\/\/www.blogdotarugao.com.br\/v1\/wp-json\/wp\/v2\/posts\/61808\/revisions"}],"predecessor-version":[{"id":61818,"href":"https:\/\/www.blogdotarugao.com.br\/v1\/wp-json\/wp\/v2\/posts\/61808\/revisions\/61818"}],"wp:attachment":[{"href":"https:\/\/www.blogdotarugao.com.br\/v1\/wp-json\/wp\/v2\/media?parent=61808"}],"wp:term":[{"taxonomy":"category","embeddable":true,"href":"https:\/\/www.blogdotarugao.com.br\/v1\/wp-json\/wp\/v2\/categories?post=61808"},{"taxonomy":"post_tag","embeddable":true,"href":"https:\/\/www.blogdotarugao.com.br\/v1\/wp-json\/wp\/v2\/tags?post=61808"}],"curies":[{"name":"wp","href":"https:\/\/api.w.org\/{rel}","templated":true}]}}