{"id":62060,"date":"2016-06-07T08:47:35","date_gmt":"2016-06-07T11:47:35","guid":{"rendered":"http:\/\/www.blogdotarugao.com.br\/v1\/?p=62060"},"modified":"2016-06-07T11:39:47","modified_gmt":"2016-06-07T14:39:47","slug":"janot-pede-prisao-de-renan-sarney-e-juca-por-tentarem-barrar-lava-jato","status":"publish","type":"post","link":"https:\/\/www.blogdotarugao.com.br\/v1\/2016\/06\/07\/janot-pede-prisao-de-renan-sarney-e-juca-por-tentarem-barrar-lava-jato\/","title":{"rendered":"Janot pede pris\u00e3o de Renan, Sarney e Juc\u00e1 por tentarem barrar Lava Jato"},"content":{"rendered":"<h3 class=\"col-xs-13\" style=\"text-align: justify;\"><img loading=\"lazy\" class=\" alignleft\" src=\"http:\/\/msalx.veja.abril.com.br\/2016\/05\/05\/1621\/pe6Cx\/alx_brasil-politica-sessao-stf-eduardo-cunha-janot-2_original.jpeg?1462476650\" alt=\"O procurador-geral da Rep\u00fablica, Rodrigo Janot, durante julgamento de afastamento do mandato de Eduardo Cunha como deputado federal, e da presidencia da C\u00e2mara dos Deputados, no Supremo Tribunal Federal (STF), em Bras\u00edlia (DF) - 05\/05\/2016\" width=\"585\" height=\"439\" \/>Ministro Teori Zavascki est\u00e1 com o pedido h\u00e1 pelo menos uma semana, segundo jornal &#8216;O Globo&#8217;<\/h3>\n<h3 style=\"text-align: justify;\">O procurador-geral da Rep\u00fablica, Rodrigo Janot, pediu ao Supremo Tribunal Federal (STF) a pris\u00e3o do presidente do Senado, Renan Calheiros (PMDB-AL), do ex-presidente da Rep\u00fablica Jos\u00e9 Sarney (PMDB-AP) e do senador Romero Juc\u00e1 (PMDB-RR) por tentarem barrar as investiga\u00e7\u00f5es da Opera\u00e7\u00e3o Lava Jato. A informa\u00e7\u00e3o \u00e9 da edi\u00e7\u00e3o desta ter\u00e7a-feira do jornal <em>O Globo<\/em>.<\/h3>\n<h3 style=\"text-align: justify;\">No pedido, que est\u00e1 com o ministro Teori Zavascki h\u00e1 pelo menos uma semana, Janot tamb\u00e9m pediu o afastamento de Renan da presid\u00eancia da Casa. Os argumentos, de acordo com o jornal, s\u00e3o similares aos apresentados contra o presidente da C\u00e2mara dos Deputados, Eduardo Cunha (PMDB-RJ), que o tirou da presid\u00eancia da Casa e do mandato de deputado federal.<img loading=\"lazy\" class=\"  wp-image-62061 alignleft\" src=\"http:\/\/www.blogdotarugao.com.br\/v1\/wp-content\/uploads\/2016\/06\/trio-parada-dura.jpg\" alt=\"trio parada dura\" width=\"585\" height=\"351\" srcset=\"https:\/\/www.blogdotarugao.com.br\/v1\/wp-content\/uploads\/2016\/06\/trio-parada-dura.jpg 800w, https:\/\/www.blogdotarugao.com.br\/v1\/wp-content\/uploads\/2016\/06\/trio-parada-dura-300x180.jpg 300w\" sizes=\"(max-width: 585px) 100vw, 585px\" \/><\/h3>\n<h3 style=\"text-align: justify;\">A trama contra a Lava Jato foi gravada pelo ex-presidente da Transpetro S\u00e9rgio Machado. Nas capta\u00e7\u00f5es, Renan sugere <a href=\"http:\/\/veja.abril.com.br\/noticia\/brasil\/em-gravacoes-renan-fala-em-mudar-lei-da-delacao-premiada\" rel=\"\"><strong>mudar a lei para inibir a dela\u00e7\u00e3o premiada<\/strong><\/a>, ao passo que Juc\u00e1 descreve uma articula\u00e7\u00e3o pol\u00edtica dele e de outros l\u00edderes para derrubar a presidente Dilma e, a partir da\u00ed, <a href=\"http:\/\/veja.abril.com.br\/noticia\/brasil\/em-gravacoes-juca-sugere-pacto-para-deter-lava-jato-diz-jornal\" rel=\"\"><strong>&#8220;estancar a sangria da Lava Jato&#8221;<\/strong><\/a>.<\/h3>\n<h3 style=\"text-align: justify;\">Conforme revelado em VEJA desta semana, em seu acordo de dela\u00e7\u00e3o premiada, Machado disse que distribuiu 60 milh\u00f5es de reais em propina para peemedebistas durante os doze anos que esteve \u00e0 frente da estatal, entre eles Renan, Sarney e Juc\u00e1 &#8211; apenas ao ex-presidente da Rep\u00fablica, foram 19 milh\u00f5es de reais. Machado tamb\u00e9m contou que guardava dinheiro no exterior para pol\u00edticos, entre eles o presidente do Senado<\/h3>\n","protected":false},"excerpt":{"rendered":"<p>Ministro Teori Zavascki est\u00e1 com o pedido h\u00e1 pelo menos uma semana, segundo jornal &#8216;O Globo&#8217; O procurador-geral da Rep\u00fablica, Rodrigo Janot, pediu ao Supremo Tribunal Federal (STF) a pris\u00e3o do presidente do Senado, Renan Calheiros (PMDB-AL), do ex-presidente da Rep\u00fablica Jos\u00e9 Sarney (PMDB-AP) e do senador Romero Juc\u00e1 (PMDB-RR) por tentarem barrar as investiga\u00e7\u00f5es [&hellip;]<\/p>\n","protected":false},"author":2,"featured_media":0,"comment_status":"open","ping_status":"open","sticky":false,"template":"","format":"standard","meta":{"_links_to":"","_links_to_target":""},"categories":[1],"tags":[],"_links":{"self":[{"href":"https:\/\/www.blogdotarugao.com.br\/v1\/wp-json\/wp\/v2\/posts\/62060"}],"collection":[{"href":"https:\/\/www.blogdotarugao.com.br\/v1\/wp-json\/wp\/v2\/posts"}],"about":[{"href":"https:\/\/www.blogdotarugao.com.br\/v1\/wp-json\/wp\/v2\/types\/post"}],"author":[{"embeddable":true,"href":"https:\/\/www.blogdotarugao.com.br\/v1\/wp-json\/wp\/v2\/users\/2"}],"replies":[{"embeddable":true,"href":"https:\/\/www.blogdotarugao.com.br\/v1\/wp-json\/wp\/v2\/comments?post=62060"}],"version-history":[{"count":1,"href":"https:\/\/www.blogdotarugao.com.br\/v1\/wp-json\/wp\/v2\/posts\/62060\/revisions"}],"predecessor-version":[{"id":62062,"href":"https:\/\/www.blogdotarugao.com.br\/v1\/wp-json\/wp\/v2\/posts\/62060\/revisions\/62062"}],"wp:attachment":[{"href":"https:\/\/www.blogdotarugao.com.br\/v1\/wp-json\/wp\/v2\/media?parent=62060"}],"wp:term":[{"taxonomy":"category","embeddable":true,"href":"https:\/\/www.blogdotarugao.com.br\/v1\/wp-json\/wp\/v2\/categories?post=62060"},{"taxonomy":"post_tag","embeddable":true,"href":"https:\/\/www.blogdotarugao.com.br\/v1\/wp-json\/wp\/v2\/tags?post=62060"}],"curies":[{"name":"wp","href":"https:\/\/api.w.org\/{rel}","templated":true}]}}