{"id":62071,"date":"2016-06-07T12:00:55","date_gmt":"2016-06-07T15:00:55","guid":{"rendered":"http:\/\/www.blogdotarugao.com.br\/v1\/?p=62071"},"modified":"2016-06-07T12:00:55","modified_gmt":"2016-06-07T15:00:55","slug":"preso-tenta-fugir-e-fica-entalado-em-janela-da-cela","status":"publish","type":"post","link":"https:\/\/www.blogdotarugao.com.br\/v1\/2016\/06\/07\/preso-tenta-fugir-e-fica-entalado-em-janela-da-cela\/","title":{"rendered":"Preso tenta fugir e fica entalado em janela da cela"},"content":{"rendered":"<div class=\"separator\"><a href=\"https:\/\/2.bp.blogspot.com\/-Frm2bs23YlI\/V1aja-1E85I\/AAAAAAADx00\/nRaI5pX9zJcXooQg6RlFCMukaw84zHSQACLcB\/s1600\/naom_5755e97450c28.jpg\" class=\"gallery_colorbox\"><img loading=\"lazy\" class=\" alignleft\" src=\"https:\/\/2.bp.blogspot.com\/-Frm2bs23YlI\/V1aja-1E85I\/AAAAAAADx00\/nRaI5pX9zJcXooQg6RlFCMukaw84zHSQACLcB\/s640\/naom_5755e97450c28.jpg\"  alt=\"\" width=\"585\" height=\"308\" border=\"0\" \/><\/a><\/div>\n<h3 style=\"text-align: justify;\">\nTr\u00eas homens tentaram fugir do Centro de Deten\u00e7\u00e3o Provis\u00f3ria de Vila Velha (ES) na noite deste domingo (5). Durante a tentativa de fuga, um dos detentos ficou preso na janela de ventila\u00e7\u00e3o da cela.<\/h3>\n<h3 style=\"text-align: justify;\"><\/h3>\n<h3 style=\"text-align: justify;\">O Corpo de Bombeiros foi acionado e resgatou Jhonatan Gomes Souza, que passa bem.A Secretaria de Justi\u00e7a (Sejus) afirma que a Corregedoria vai investigar as circunst\u00e2ncias da tentativa de fuga.<img loading=\"lazy\" class=\"  wp-image-62072 alignleft\" src=\"http:\/\/www.blogdotarugao.com.br\/v1\/wp-content\/uploads\/2016\/06\/preso.jpg\" alt=\"preso\" width=\"585\" height=\"345\" srcset=\"https:\/\/www.blogdotarugao.com.br\/v1\/wp-content\/uploads\/2016\/06\/preso.jpg 607w, https:\/\/www.blogdotarugao.com.br\/v1\/wp-content\/uploads\/2016\/06\/preso-300x177.jpg 300w\" sizes=\"(max-width: 585px) 100vw, 585px\" \/><\/p>\n<p>Os presos devem responder a Processo Administrativo Disciplinar (PAD). A ocorr\u00eancia ser\u00e1 comunicada ao juiz da Vara de Execu\u00e7\u00e3o Penal e ao Grupo Especial de Trabalho em Execu\u00e7\u00e3o Penal (Getep), do Minist\u00e9rio P\u00fablico Estadual. Com informa\u00e7\u00f5es da Gazeta Online.<\/h3>\n","protected":false},"excerpt":{"rendered":"<p>Tr\u00eas homens tentaram fugir do Centro de Deten\u00e7\u00e3o Provis\u00f3ria de Vila Velha (ES) na noite deste domingo (5). Durante a tentativa de fuga, um dos detentos ficou preso na janela de ventila\u00e7\u00e3o da cela. O Corpo de Bombeiros foi acionado e resgatou Jhonatan Gomes Souza, que passa bem.A Secretaria de Justi\u00e7a (Sejus) afirma que a [&hellip;]<\/p>\n","protected":false},"author":2,"featured_media":0,"comment_status":"open","ping_status":"open","sticky":false,"template":"","format":"standard","meta":{"_links_to":"","_links_to_target":""},"categories":[1],"tags":[],"_links":{"self":[{"href":"https:\/\/www.blogdotarugao.com.br\/v1\/wp-json\/wp\/v2\/posts\/62071"}],"collection":[{"href":"https:\/\/www.blogdotarugao.com.br\/v1\/wp-json\/wp\/v2\/posts"}],"about":[{"href":"https:\/\/www.blogdotarugao.com.br\/v1\/wp-json\/wp\/v2\/types\/post"}],"author":[{"embeddable":true,"href":"https:\/\/www.blogdotarugao.com.br\/v1\/wp-json\/wp\/v2\/users\/2"}],"replies":[{"embeddable":true,"href":"https:\/\/www.blogdotarugao.com.br\/v1\/wp-json\/wp\/v2\/comments?post=62071"}],"version-history":[{"count":1,"href":"https:\/\/www.blogdotarugao.com.br\/v1\/wp-json\/wp\/v2\/posts\/62071\/revisions"}],"predecessor-version":[{"id":62073,"href":"https:\/\/www.blogdotarugao.com.br\/v1\/wp-json\/wp\/v2\/posts\/62071\/revisions\/62073"}],"wp:attachment":[{"href":"https:\/\/www.blogdotarugao.com.br\/v1\/wp-json\/wp\/v2\/media?parent=62071"}],"wp:term":[{"taxonomy":"category","embeddable":true,"href":"https:\/\/www.blogdotarugao.com.br\/v1\/wp-json\/wp\/v2\/categories?post=62071"},{"taxonomy":"post_tag","embeddable":true,"href":"https:\/\/www.blogdotarugao.com.br\/v1\/wp-json\/wp\/v2\/tags?post=62071"}],"curies":[{"name":"wp","href":"https:\/\/api.w.org\/{rel}","templated":true}]}}