{"id":62109,"date":"2016-06-07T19:36:21","date_gmt":"2016-06-07T22:36:21","guid":{"rendered":"http:\/\/www.blogdotarugao.com.br\/v1\/?p=62109"},"modified":"2016-06-07T19:36:21","modified_gmt":"2016-06-07T22:36:21","slug":"jo-soares-manda-recado-na-globo-nao-estou-morrendo","status":"publish","type":"post","link":"https:\/\/www.blogdotarugao.com.br\/v1\/2016\/06\/07\/jo-soares-manda-recado-na-globo-nao-estou-morrendo\/","title":{"rendered":"J\u00f4 Soares manda recado na Globo : \u201cN\u00e3o estou morrendo!\u201d"},"content":{"rendered":"<h3 class=\"post-title entry-title\"><img loading=\"lazy\" class=\"  wp-image-62110 alignleft\" src=\"http:\/\/www.blogdotarugao.com.br\/v1\/wp-content\/uploads\/2016\/06\/jo5.jpg\" alt=\"jo5\" width=\"585\" height=\"417\" srcset=\"https:\/\/www.blogdotarugao.com.br\/v1\/wp-content\/uploads\/2016\/06\/jo5.jpg 640w, https:\/\/www.blogdotarugao.com.br\/v1\/wp-content\/uploads\/2016\/06\/jo5-300x214.jpg 300w\" sizes=\"(max-width: 585px) 100vw, 585px\" \/><\/h3>\n<div class=\"post-header\"><\/div>\n<div id=\"post-body-597353592427016672\" class=\"post-body entry-content\">\n<div><\/div>\n<h3 style=\"text-align: justify;\">O apresentador J\u00f4 Soares, que j\u00e1 anunciou que o seu programa de entrevistas na Globo est\u00e1 em sua \u00faltima temporada, passou um recado nesta segunda-feira (6), no ar. J\u00f4 tem percebido o tom de despedida de alguns convidados que v\u00e3o ao seu programa neste ano, e resolveu avisar, a quem interessar possa, que n\u00e3o pretende parar de trabalhar na TV.<\/h3>\n<h3 style=\"text-align: justify;\">Ao receber a atriz Regiane Alves, nesta segunda-feira (6), J\u00f4 mandou o seu recado. Aos 78 anos, o apresentador deixou bem claro que seu programa sair\u00e1 da programa\u00e7\u00e3o da Globo, mas que ele n\u00e3o vai se aposentar. &#8220;Eu n\u00e3o estou morrendo! Eu s\u00f3 posso te dizer que eu n\u00e3o vou parar. Alguma coisa eu vou fazer. Pelo menos assim espero&#8221;, revelou ele.<\/h3>\n<h3 style=\"text-align: justify;\">J\u00f4 tem dito na abertura do seu talk show que trata-se do \u00faltima temporada do formato na Globo. Isso deixa claro que a atra\u00e7\u00e3o pode migrar para outro canal, ou para a TV paga em 2017. O GNT \u00e9 um dos interessados em manter um programa de entrevistas com J\u00f4 no pr\u00f3ximo ano. Em 2014, J\u00d5 teve uma grave infec\u00e7\u00e3o pulmonar e ficou internado por quase um m\u00eas. O apresentador passa bem desde ent\u00e3o. (Keila Jimenez)<\/h3>\n<\/div>\n","protected":false},"excerpt":{"rendered":"<p>O apresentador J\u00f4 Soares, que j\u00e1 anunciou que o seu programa de entrevistas na Globo est\u00e1 em sua \u00faltima temporada, passou um recado nesta segunda-feira (6), no ar. J\u00f4 tem percebido o tom de despedida de alguns convidados que v\u00e3o ao seu programa neste ano, e resolveu avisar, a quem interessar possa, que n\u00e3o pretende [&hellip;]<\/p>\n","protected":false},"author":2,"featured_media":0,"comment_status":"open","ping_status":"open","sticky":false,"template":"","format":"standard","meta":{"_links_to":"","_links_to_target":""},"categories":[1],"tags":[],"_links":{"self":[{"href":"https:\/\/www.blogdotarugao.com.br\/v1\/wp-json\/wp\/v2\/posts\/62109"}],"collection":[{"href":"https:\/\/www.blogdotarugao.com.br\/v1\/wp-json\/wp\/v2\/posts"}],"about":[{"href":"https:\/\/www.blogdotarugao.com.br\/v1\/wp-json\/wp\/v2\/types\/post"}],"author":[{"embeddable":true,"href":"https:\/\/www.blogdotarugao.com.br\/v1\/wp-json\/wp\/v2\/users\/2"}],"replies":[{"embeddable":true,"href":"https:\/\/www.blogdotarugao.com.br\/v1\/wp-json\/wp\/v2\/comments?post=62109"}],"version-history":[{"count":1,"href":"https:\/\/www.blogdotarugao.com.br\/v1\/wp-json\/wp\/v2\/posts\/62109\/revisions"}],"predecessor-version":[{"id":62111,"href":"https:\/\/www.blogdotarugao.com.br\/v1\/wp-json\/wp\/v2\/posts\/62109\/revisions\/62111"}],"wp:attachment":[{"href":"https:\/\/www.blogdotarugao.com.br\/v1\/wp-json\/wp\/v2\/media?parent=62109"}],"wp:term":[{"taxonomy":"category","embeddable":true,"href":"https:\/\/www.blogdotarugao.com.br\/v1\/wp-json\/wp\/v2\/categories?post=62109"},{"taxonomy":"post_tag","embeddable":true,"href":"https:\/\/www.blogdotarugao.com.br\/v1\/wp-json\/wp\/v2\/tags?post=62109"}],"curies":[{"name":"wp","href":"https:\/\/api.w.org\/{rel}","templated":true}]}}