{"id":62370,"date":"2016-06-11T09:51:05","date_gmt":"2016-06-11T12:51:05","guid":{"rendered":"http:\/\/www.blogdotarugao.com.br\/v1\/?p=62370"},"modified":"2016-06-11T09:51:05","modified_gmt":"2016-06-11T12:51:05","slug":"video-assaltantes-armados-roubam-loterica","status":"publish","type":"post","link":"https:\/\/www.blogdotarugao.com.br\/v1\/2016\/06\/11\/video-assaltantes-armados-roubam-loterica\/","title":{"rendered":"V\u00eddeo: assaltantes armados roubam lot\u00e9rica"},"content":{"rendered":"<p><img loading=\"lazy\" class=\"  wp-image-62371 alignleft\" src=\"http:\/\/www.blogdotarugao.com.br\/v1\/wp-content\/uploads\/2016\/06\/loterica.jpg\" alt=\"loterica\" width=\"584\" height=\"490\" srcset=\"https:\/\/www.blogdotarugao.com.br\/v1\/wp-content\/uploads\/2016\/06\/loterica.jpg 800w, https:\/\/www.blogdotarugao.com.br\/v1\/wp-content\/uploads\/2016\/06\/loterica-300x252.jpg 300w\" sizes=\"(max-width: 584px) 100vw, 584px\" \/><\/p>\n<h3 style=\"text-align: justify;\">Dois homens armados com rev\u00f3lver calibre 38 assaltaram uma lot\u00e9rica no centro do munic\u00edpio de Muritiba, na regi\u00e3o do Rec\u00f4ncavo Baiano, na \u00faltima ter\u00e7a-feira (9). De acordo com o propriet\u00e1rio do estabelecimento, que preferiu n\u00e3o se identificar, a dupla chegou em uma motocicleta, Honda, Fan, cor vermelha e roubou pertences de uma funcion\u00e1ria e o dinheiro dos caixas.<\/h3>\n<p><img loading=\"lazy\" class=\" alignleft\" src=\"http:\/\/imagem.bocaonews.com.br\/fotos\/noticias\/146331\/mg\/002.jpg?time=1465593754\" alt=\"\" width=\"585\" height=\"478\" \/><\/p>\n<h3 style=\"text-align: justify;\">Ainda de acordo com o propriet\u00e1rio, a dupla assaltou a mesma lot\u00e9rica no ano passado. \u00a0O caso foi registrado na delegacia da cidade. Nas imagens \u00e9 poss\u00edvel ver os bandidos amea\u00e7ando clientes e funcion\u00e1rios. Um dos assaltantes fica na porta vigiando, age como se nada tivesse acontecendo, enquanto o outro recolhe o dinheiro. Assista:<\/h3>\n<p align=\"center\"><iframe loading=\"lazy\" src=\"https:\/\/www.youtube.com\/embed\/rFokYqR4fpA\" width=\"585\" height=\"330\" frameborder=\"0\" allowfullscreen=\"allowfullscreen\"><\/iframe><\/p>\n","protected":false},"excerpt":{"rendered":"<p>Dois homens armados com rev\u00f3lver calibre 38 assaltaram uma lot\u00e9rica no centro do munic\u00edpio de Muritiba, na regi\u00e3o do Rec\u00f4ncavo Baiano, na \u00faltima ter\u00e7a-feira (9). De acordo com o propriet\u00e1rio do estabelecimento, que preferiu n\u00e3o se identificar, a dupla chegou em uma motocicleta, Honda, Fan, cor vermelha e roubou pertences de uma funcion\u00e1ria e o [&hellip;]<\/p>\n","protected":false},"author":2,"featured_media":62373,"comment_status":"open","ping_status":"open","sticky":false,"template":"","format":"standard","meta":{"_links_to":"","_links_to_target":""},"categories":[1],"tags":[],"_links":{"self":[{"href":"https:\/\/www.blogdotarugao.com.br\/v1\/wp-json\/wp\/v2\/posts\/62370"}],"collection":[{"href":"https:\/\/www.blogdotarugao.com.br\/v1\/wp-json\/wp\/v2\/posts"}],"about":[{"href":"https:\/\/www.blogdotarugao.com.br\/v1\/wp-json\/wp\/v2\/types\/post"}],"author":[{"embeddable":true,"href":"https:\/\/www.blogdotarugao.com.br\/v1\/wp-json\/wp\/v2\/users\/2"}],"replies":[{"embeddable":true,"href":"https:\/\/www.blogdotarugao.com.br\/v1\/wp-json\/wp\/v2\/comments?post=62370"}],"version-history":[{"count":1,"href":"https:\/\/www.blogdotarugao.com.br\/v1\/wp-json\/wp\/v2\/posts\/62370\/revisions"}],"predecessor-version":[{"id":62372,"href":"https:\/\/www.blogdotarugao.com.br\/v1\/wp-json\/wp\/v2\/posts\/62370\/revisions\/62372"}],"wp:featuredmedia":[{"embeddable":true,"href":"https:\/\/www.blogdotarugao.com.br\/v1\/wp-json\/wp\/v2\/media\/62373"}],"wp:attachment":[{"href":"https:\/\/www.blogdotarugao.com.br\/v1\/wp-json\/wp\/v2\/media?parent=62370"}],"wp:term":[{"taxonomy":"category","embeddable":true,"href":"https:\/\/www.blogdotarugao.com.br\/v1\/wp-json\/wp\/v2\/categories?post=62370"},{"taxonomy":"post_tag","embeddable":true,"href":"https:\/\/www.blogdotarugao.com.br\/v1\/wp-json\/wp\/v2\/tags?post=62370"}],"curies":[{"name":"wp","href":"https:\/\/api.w.org\/{rel}","templated":true}]}}