{"id":62410,"date":"2016-06-12T23:11:55","date_gmt":"2016-06-13T02:11:55","guid":{"rendered":"http:\/\/www.blogdotarugao.com.br\/v1\/?p=62410"},"modified":"2016-06-12T23:11:55","modified_gmt":"2016-06-13T02:11:55","slug":"homem-morre-ao-pular-de-janela-de-onibus-em-movimento-na-bahia","status":"publish","type":"post","link":"https:\/\/www.blogdotarugao.com.br\/v1\/2016\/06\/12\/homem-morre-ao-pular-de-janela-de-onibus-em-movimento-na-bahia\/","title":{"rendered":"Homem morre ao pular de janela de \u00f4nibus em movimento na Bahia"},"content":{"rendered":"<div id=\"post-body-7666418515436178476\" class=\"post-body entry-content\">\n<div class=\"separator\"><img loading=\"lazy\" class=\"  wp-image-62411 alignleft\" src=\"http:\/\/www.blogdotarugao.com.br\/v1\/wp-content\/uploads\/2016\/06\/piaui5.jpg\" alt=\"piaui5\" width=\"584\" height=\"438\" srcset=\"https:\/\/www.blogdotarugao.com.br\/v1\/wp-content\/uploads\/2016\/06\/piaui5.jpg 620w, https:\/\/www.blogdotarugao.com.br\/v1\/wp-content\/uploads\/2016\/06\/piaui5-300x225.jpg 300w\" sizes=\"(max-width: 584px) 100vw, 584px\" \/><\/div>\n<h3 style=\"text-align: justify;\">\u00a0Um homem morreu ap\u00f3s pular pela janela de um \u00f4nibus em movimento, na madrugada deste domingo (12), na BR-020, no trecho da cidade de S\u00e3o Desid\u00e9rio, oeste da Bahia.<\/h3>\n<h3 style=\"text-align: justify;\"><\/h3>\n<h3 style=\"text-align: justify;\">Segundo informa\u00e7\u00f5es da Pol\u00edcia Rodovi\u00e1ria Federal (PRF), o caso ocorreu na altura do Km-145, pr\u00f3ximo ao distrito de Roda Velha, por volta das 4h da manh\u00e3.<\/h3>\n<h3 style=\"text-align: justify;\">Ainda de acordo com a PRF, n\u00e3o h\u00e1 informa\u00e7\u00f5es sobre as circunst\u00e2ncias do caso. Uma ambul\u00e2ncia do Servi\u00e7o de Atendimento M\u00f3vel de Urg\u00eancia (Samu) foi ao local, mas a v\u00edtima j\u00e1 foi encointrada morta.<\/h3>\n<h3 style=\"text-align: justify;\">Uma equipe do Departamento de Pol\u00edcia T\u00e9cnica (DPT) foi encaminhada para fazer a remo\u00e7\u00e3o do corpo, que ser\u00e1 periciado.<\/h3>\n<h3 style=\"text-align: justify;\"><img loading=\"lazy\" class=\" alignleft\" src=\"http:\/\/s2.glbimg.com\/XQO86s1W6uUrD-hcg94H5TRLn1A=\/s.glbimg.com\/jo\/g1\/f\/original\/2016\/06\/12\/piaui.jpg\" alt=\"Caso ocorreu por volta das 4h da madrugada deste domingo (Foto: Edivaldo Braga\/Blog Braga)\" width=\"585\" height=\"439\" \/><\/h3>\n<h3 style=\"text-align: justify;\"><\/h3>\n<\/div>\n","protected":false},"excerpt":{"rendered":"<p>\u00a0Um homem morreu ap\u00f3s pular pela janela de um \u00f4nibus em movimento, na madrugada deste domingo (12), na BR-020, no trecho da cidade de S\u00e3o Desid\u00e9rio, oeste da Bahia. Segundo informa\u00e7\u00f5es da Pol\u00edcia Rodovi\u00e1ria Federal (PRF), o caso ocorreu na altura do Km-145, pr\u00f3ximo ao distrito de Roda Velha, por volta das 4h da manh\u00e3. [&hellip;]<\/p>\n","protected":false},"author":2,"featured_media":0,"comment_status":"open","ping_status":"open","sticky":false,"template":"","format":"standard","meta":{"_links_to":"","_links_to_target":""},"categories":[1],"tags":[],"_links":{"self":[{"href":"https:\/\/www.blogdotarugao.com.br\/v1\/wp-json\/wp\/v2\/posts\/62410"}],"collection":[{"href":"https:\/\/www.blogdotarugao.com.br\/v1\/wp-json\/wp\/v2\/posts"}],"about":[{"href":"https:\/\/www.blogdotarugao.com.br\/v1\/wp-json\/wp\/v2\/types\/post"}],"author":[{"embeddable":true,"href":"https:\/\/www.blogdotarugao.com.br\/v1\/wp-json\/wp\/v2\/users\/2"}],"replies":[{"embeddable":true,"href":"https:\/\/www.blogdotarugao.com.br\/v1\/wp-json\/wp\/v2\/comments?post=62410"}],"version-history":[{"count":0,"href":"https:\/\/www.blogdotarugao.com.br\/v1\/wp-json\/wp\/v2\/posts\/62410\/revisions"}],"wp:attachment":[{"href":"https:\/\/www.blogdotarugao.com.br\/v1\/wp-json\/wp\/v2\/media?parent=62410"}],"wp:term":[{"taxonomy":"category","embeddable":true,"href":"https:\/\/www.blogdotarugao.com.br\/v1\/wp-json\/wp\/v2\/categories?post=62410"},{"taxonomy":"post_tag","embeddable":true,"href":"https:\/\/www.blogdotarugao.com.br\/v1\/wp-json\/wp\/v2\/tags?post=62410"}],"curies":[{"name":"wp","href":"https:\/\/api.w.org\/{rel}","templated":true}]}}