{"id":62553,"date":"2016-06-14T13:59:15","date_gmt":"2016-06-14T16:59:15","guid":{"rendered":"http:\/\/www.blogdotarugao.com.br\/v1\/?p=62553"},"modified":"2016-06-14T13:59:15","modified_gmt":"2016-06-14T16:59:15","slug":"violencia-sem-fim-adolescente-de-15-anos-e-executado-com-varios-tiros-na-cabeca","status":"publish","type":"post","link":"https:\/\/www.blogdotarugao.com.br\/v1\/2016\/06\/14\/violencia-sem-fim-adolescente-de-15-anos-e-executado-com-varios-tiros-na-cabeca\/","title":{"rendered":"Viol\u00eancia sem Fim: Adolescente de 15 anos \u00e9 executado com v\u00e1rios tiros na cabe\u00e7a"},"content":{"rendered":"<h3 style=\"text-align: justify;\"><img loading=\"lazy\" class=\"  wp-image-62559 alignleft\" src=\"http:\/\/www.blogdotarugao.com.br\/v1\/wp-content\/uploads\/2016\/06\/jovem-morto.jpg\" alt=\"jovem morto\" width=\"584\" height=\"367\" srcset=\"https:\/\/www.blogdotarugao.com.br\/v1\/wp-content\/uploads\/2016\/06\/jovem-morto.jpg 640w, https:\/\/www.blogdotarugao.com.br\/v1\/wp-content\/uploads\/2016\/06\/jovem-morto-300x188.jpg 300w\" sizes=\"(max-width: 584px) 100vw, 584px\" \/>Execu\u00e7\u00e3o: n\u00e3o h\u00e1 outra express\u00e3o que defina o assassinato de mais um adolescente em Vit\u00f3ria da Conquista. A v\u00edtima, ainda n\u00e3o identificada, que aparenta ter idade m\u00e9dia de 15 anos, foi morta a tiros a aproximadamente 1 km do povoado de Pedra Branca.<\/h3>\n<h3 style=\"text-align: justify;\">O corpo foi encontrado por um popular que passou no local. Imediatamente uma guarni\u00e7\u00e3o da Rondesp esteve no local e constatou que o crime n\u00e3o tinha muito tempo que tinha acontecido.<\/h3>\n<h3 style=\"text-align: justify;\">O adolescente foi baleado com muitos tiros, quase todos na cabe\u00e7a. C\u00e1psulas de muni\u00e7\u00f5es calibre 9 mm foram encontradas junto ao corpo.<img loading=\"lazy\" class=\" alignleft\" src=\"https:\/\/1.bp.blogspot.com\/-453n4XxRdwI\/V2ADI6QYviI\/AAAAAAABZrE\/si4Bd_4qeQsr4rLUU-64CwRMwCrLm4mXACLcB\/s640\/Itambeagora%2B3.jpg\" alt=\"\" width=\"584\" height=\"385\" \/><\/h3>\n<h3 style=\"text-align: justify;\">Como n\u00e3o h\u00e1 identifica\u00e7\u00e3o, a pol\u00edcia ainda n\u00e3o tem informa\u00e7\u00f5es sobre as motiva\u00e7\u00f5es e poss\u00edvel autoria do homic\u00eddio.<\/h3>\n<h3 style=\"text-align: justify;\">Fonte: Blitz Conquista<\/h3>\n","protected":false},"excerpt":{"rendered":"<p>Execu\u00e7\u00e3o: n\u00e3o h\u00e1 outra express\u00e3o que defina o assassinato de mais um adolescente em Vit\u00f3ria da Conquista. A v\u00edtima, ainda n\u00e3o identificada, que aparenta ter idade m\u00e9dia de 15 anos, foi morta a tiros a aproximadamente 1 km do povoado de Pedra Branca. O corpo foi encontrado por um popular que passou no local. Imediatamente [&hellip;]<\/p>\n","protected":false},"author":2,"featured_media":0,"comment_status":"open","ping_status":"open","sticky":false,"template":"","format":"standard","meta":{"_links_to":"","_links_to_target":""},"categories":[1],"tags":[],"_links":{"self":[{"href":"https:\/\/www.blogdotarugao.com.br\/v1\/wp-json\/wp\/v2\/posts\/62553"}],"collection":[{"href":"https:\/\/www.blogdotarugao.com.br\/v1\/wp-json\/wp\/v2\/posts"}],"about":[{"href":"https:\/\/www.blogdotarugao.com.br\/v1\/wp-json\/wp\/v2\/types\/post"}],"author":[{"embeddable":true,"href":"https:\/\/www.blogdotarugao.com.br\/v1\/wp-json\/wp\/v2\/users\/2"}],"replies":[{"embeddable":true,"href":"https:\/\/www.blogdotarugao.com.br\/v1\/wp-json\/wp\/v2\/comments?post=62553"}],"version-history":[{"count":1,"href":"https:\/\/www.blogdotarugao.com.br\/v1\/wp-json\/wp\/v2\/posts\/62553\/revisions"}],"predecessor-version":[{"id":62560,"href":"https:\/\/www.blogdotarugao.com.br\/v1\/wp-json\/wp\/v2\/posts\/62553\/revisions\/62560"}],"wp:attachment":[{"href":"https:\/\/www.blogdotarugao.com.br\/v1\/wp-json\/wp\/v2\/media?parent=62553"}],"wp:term":[{"taxonomy":"category","embeddable":true,"href":"https:\/\/www.blogdotarugao.com.br\/v1\/wp-json\/wp\/v2\/categories?post=62553"},{"taxonomy":"post_tag","embeddable":true,"href":"https:\/\/www.blogdotarugao.com.br\/v1\/wp-json\/wp\/v2\/tags?post=62553"}],"curies":[{"name":"wp","href":"https:\/\/api.w.org\/{rel}","templated":true}]}}