{"id":62593,"date":"2016-06-14T22:22:20","date_gmt":"2016-06-15T01:22:20","guid":{"rendered":"http:\/\/www.blogdotarugao.com.br\/v1\/?p=62593"},"modified":"2016-06-14T22:22:20","modified_gmt":"2016-06-15T01:22:20","slug":"morre-matheus-oliveira-filho-da-cantora-eyshila","status":"publish","type":"post","link":"https:\/\/www.blogdotarugao.com.br\/v1\/2016\/06\/14\/morre-matheus-oliveira-filho-da-cantora-eyshila\/","title":{"rendered":"Morre Matheus Oliveira, filho da cantora Eyshila"},"content":{"rendered":"<div class=\"foto componente_materia midia-largura-320\"><strong><img loading=\"lazy\" class=\"  wp-image-62594 alignleft\" src=\"http:\/\/www.blogdotarugao.com.br\/v1\/wp-content\/uploads\/2016\/06\/eyshyla.jpg\" alt=\"eyshyla\" width=\"584\" height=\"584\" srcset=\"https:\/\/www.blogdotarugao.com.br\/v1\/wp-content\/uploads\/2016\/06\/eyshyla.jpg 320w, https:\/\/www.blogdotarugao.com.br\/v1\/wp-content\/uploads\/2016\/06\/eyshyla-150x150.jpg 150w, https:\/\/www.blogdotarugao.com.br\/v1\/wp-content\/uploads\/2016\/06\/eyshyla-300x300.jpg 300w\" sizes=\"(max-width: 584px) 100vw, 584px\" \/>Morre Matheus, filho de Eyshila<br \/>\n(Foto: Instagram \/ Reprodu\u00e7\u00e3o)<\/strong><\/div>\n<h3 style=\"text-align: justify;\">Adolescente estava internado h\u00e1 uma semana com quadro de meningite viral. &#8216;Descansou&#8217;, disse a cantora em publica\u00e7\u00e3o feita no Instagram.<\/h3>\n<h3 style=\"text-align: justify;\">Morreu na noite desta ter\u00e7a-feira, 14, o adolescente Matheus Oliveira, filho da cantora gospel <span id=\"span-autolink-id-http:\/\/semantica.globo.com\/ego\/Famoso\/7db5165f-f7b7-4755-a6d4-daff83af079c\" class=\"semantica-autolink-topico-tip\"><a class=\"link-do-autolink-semantico\" href=\"http:\/\/ego.globo.com\/famosos\/tudo-sobre\/eyshila.html\">Eyshila<\/a><\/span>, devido ao agravamento do seu quadro de meningite, com encefalite herp\u00e9tica. O adolescente de 17 anos<a href=\"http:\/\/ego.globo.com\/famosos\/noticia\/2016\/06\/cantora-gospel-eyshila-pede-oracoes-para-filho-internado-com-meningite.html\"> estava internado h\u00e1 seis dias no hospital Samaritano<\/a>, na Barra da Tijuca, na Zona Oeste do Rio. A informa\u00e7\u00e3o foi confirmada pela cantora em suas redes sociais.<\/h3>\n<h3 style=\"text-align: justify;\">&#8220;O Senhor deu, o Senhor tomou. Louvado seja o nome do Senhor. Obrigada a todos que nos cobriram com suas ora\u00e7\u00f5es. Ele est\u00e1 com o Senhor! N\u00e3o cabe a n\u00f3s questionar. Deus \u00e9 soberano e n\u00f3s vamos seguir adorando e servindo a esse Deus perfeito em sua soberana vontade. Ele sabe o que faz! Salmos 116:15 &#8211; Preciosa \u00e9 \u00e0 vista do Senhor a morte dos seus santos. Um dia nos veremos Matheus. Na eternidade eu vou te ver. Deus no controle. O c\u00e9u \u00e9 de verdade. Jesus venceu a morte. Matheus est\u00e1 <a id=\"PXLINK_1_0_0\" class=\"pxInta\" href=\"http:\/\/ego.globo.com\/famosos\/noticia\/2016\/06\/morre-mateus-oliveira-filho-da-cantora-eyshila.html#\">vivo<\/a>. Jesus vive&#8221;, escreveu Eyshila.<\/h3>\n<h3 class=\"foto componente_materia midia-largura-288\" style=\"text-align: justify;\"><img loading=\"lazy\" class=\" alignleft\" title=\"Lucas Oliveira presta homenagem ao irm\u00e3o Matheus Oliveira (Foto: Instagram \/ Reprodu\u00e7\u00e3o)\" src=\"http:\/\/s2.glbimg.com\/cBRamDLZvPQj22wHhd2EQ8rQ5Ko=\/288x0\/s.glbimg.com\/jo\/eg\/f\/original\/2016\/06\/14\/13388652_887742288018826_1706085972_n.jpg\" alt=\"Lucas Oliveira presta homenagem ao irm\u00e3o Matheus Oliveira (Foto: Instagram \/ Reprodu\u00e7\u00e3o)\" width=\"585\" height=\"585\" \/><strong>Lucas homenageou o irm\u00e3o Matheus<br \/>\n(Foto: Instagram \/ Reprodu\u00e7\u00e3o)<\/strong><\/h3>\n<h3 style=\"text-align: justify;\">O irm\u00e3o de Matheus, Lucas Oliveira, postou uma mensagem emocionada em suas redes sociais: &#8220;N\u00e3o deixe de demonstrar o amor que voc\u00ea tem pelas pessoas que est\u00e3o ao seu redor. A vida \u00e9 fr\u00e1gil, fr\u00e1gil demais. Nos surpreende muitas vezes de formas boas, mas as ruins n\u00e3o deixam de acontecer. Meu irm\u00e3o partiu, Deus quis levar&#8230; Agrade\u00e7o a Ele por ter tido a honra de viver quase todos os dias da minha vida com esse garoto. Vou te levar no meu cora\u00e7\u00e3o, PRA SEMPRE. Em breve nos vemos meu irm\u00e3o, n\u00e3o vai demorar.&#8221;<\/h3>\n<h3 style=\"text-align: justify;\">Al\u00e9m de Eyshla, estavam presentes no hospital o pai do menino (pastor Odilon Santos), a cantora gospel Fernanda Brum, acompanhada do marido, o pastor Emerson Pinheiro, familiares e muitos amigos do jovem.<\/h3>\n<h3 class=\"foto componente_materia midia-largura-288\" style=\"text-align: justify;\"><img loading=\"lazy\" class=\" alignleft\" title=\"Eyshila (Foto: Rafael Godinho \/ Ego )\" src=\"http:\/\/s2.glbimg.com\/WpY3HM2SijnMUUG1AaZZkQkyW1w=\/288x0\/s.glbimg.com\/jo\/eg\/f\/original\/2016\/06\/14\/img_1545.jpg\" alt=\"Eyshila (Foto: Rafael Godinho \/ Ego )\" width=\"584\" height=\"428\" \/><strong>Fernanda Brum deixa o hospital<br \/>\n(Foto: Rafael Godinho \/ Ego )<\/strong><\/h3>\n<h3 style=\"text-align: justify;\"><a href=\"http:\/\/ego.globo.com\/famosos\/noticia\/2016\/06\/eyshila-deixa-hospital-onde-o-filho-matheus-estava-internado.html\">Eyshila deixou o hospital muito abalada e preferiu n\u00e3o se pronunciar sobre a morte do filho<\/a>. &#8220;Por enquanto, ela n\u00e3o dir\u00e1 nada al\u00e9m do que publicou nas redes sociais&#8221;, informou a representante da fam\u00edlia. Antes de sair da portaria, Eyshila estendeu o bra\u00e7o direito profetizando e pedindo for\u00e7a a Deus.<\/h3>\n<h3 style=\"text-align: justify;\"><strong>N\u00e3o haver\u00e1 vel\u00f3rio<\/strong><\/h3>\n<h3 style=\"text-align: justify;\">Um representante da fam\u00edlia que preferiu n\u00e3o se identificar disse que n\u00e3o haver\u00e1 vel\u00f3rio. &#8220;N\u00e3o haver\u00e1 vel\u00f3rio. O corpo sair\u00e1 do hospital direto para o enterro. O cemit\u00e9rio n\u00e3o ser\u00e1 informado e a cerim\u00f4nia n\u00e3o ser\u00e1 aberta ao p\u00fablico e a imprensa. Ser\u00e1 uma despedida s\u00f3 para os mais pr\u00f3ximos. Bem \u00edntima&#8221;.<\/h3>\n<h3 style=\"text-align: justify;\">O pastor Emerson Pinheiro, marido de Fernanda Brum, grande amiga de Eyshla desde o nascimento de Matheus,\u00a0 conversou com o<strong>EGO<\/strong>. &#8220;Ele vivia l\u00e1 em casa. Era um menino muito tranquilo e educado. Estamos todos muito tristes. Mas Deus sabe o que faz. Por mais que a gente n\u00e3o entenda, ele tem o melhor para n\u00f3s&#8221;, lamentou Emerson Pinheiro.<\/h3>\n<h3 style=\"text-align: justify;\">Eyshila divulgou a \u00faltima foto que fez com o filho nas redes sociais. Nos coment\u00e1rios, muitos f\u00e3s lamentaram a perda do menino. &#8220;Matheus descansou! Essa foi a \u00faltima foto que batemos antes da cirurgia&#8221;, escreveu a cantora evang\u00e9lica.<\/h3>\n<h3 style=\"text-align: justify;\"><strong>Correntes de f\u00e9<\/strong><\/h3>\n<h3 style=\"text-align: justify;\"><a href=\"http:\/\/ego.globo.com\/famosos\/noticia\/2016\/06\/amigos-promovem-ato-religioso-pela-recuperacao-de-matheus-filho-de-eyshila.html\">V\u00e1rias correntes de ora\u00e7\u00f5es foram feitas no Brasil e no mundo<\/a> em prol da sa\u00fade do filho ca\u00e7ula da cantora, que tamb\u00e9m \u00e9 m\u00e3e de Lucas Oliveira. Muitos cantores evang\u00e9licos tamb\u00e9m compartilharam pedidos de ora\u00e7\u00f5es para o adolescente nas redes sociais como Fernanda Brum, Aline Barros\u00a0 e Bruna Karla.<\/h3>\n<h3 class=\"foto componente_materia midia-largura-288\" style=\"text-align: justify;\"><img loading=\"lazy\" class=\" alignleft\" title=\"Matheus Oliveira, filho da cantora Eyshila (Foto: Reprodu\u00e7\u00e3o\/Instagram)\" src=\"http:\/\/s2.glbimg.com\/etd-UMG4b_V36xT40cIjf3prAz4=\/288x0\/s.glbimg.com\/jo\/eg\/f\/original\/2016\/06\/10\/13077062_931551720277232_4658560156415328689_n.jpg\" alt=\"Matheus Oliveira, filho da cantora Eyshila (Foto: Reprodu\u00e7\u00e3o\/Instagram)\" width=\"584\" height=\"584\" \/><strong>Matheus Oliveira (Foto: Reprodu\u00e7\u00e3o\/Instagram)<\/strong><\/h3>\n<h3 style=\"text-align: justify;\">Na segunda, 13, a cantora <a href=\"http:\/\/ego.globo.com\/famosos\/noticia\/2016\/06\/eyshila-posta-mensagem-esperancosa-sobre-recuperacao-do-filho.html\">havia postado uma mensagem esperan\u00e7osa sobre a recupera\u00e7\u00e3o do filho<\/a>. O quadro de Matheus, no entanto, era considerado grave pelos neurologistas.<\/h3>\n<h3 style=\"text-align: justify;\"><strong>Entenda a meningite<\/strong><\/h3>\n<h3 style=\"text-align: justify;\">A meningite \u00e9 uma inflama\u00e7\u00e3o das membranas que revestem o c\u00e9rebro e a medula espinhal, geralmente causada por uma infec\u00e7\u00e3o. A doen\u00e7a pode ser viral ou bacteriana. Em casos mais graves a meningite pode deixar sequelas neurologicas ou levar a morte.<\/h3>\n<h3 class=\"foto componente_materia midia-largura-620\" style=\"text-align: justify;\"><img loading=\"lazy\" class=\" alignleft\" title=\"Eyshila (Foto: Facebook \/ Reprodu\u00e7\u00e3o)\" src=\"http:\/\/s2.glbimg.com\/657NERxGO1oKkNS0KDkqVU4_KXU=\/620x930\/top\/s.glbimg.com\/jo\/eg\/f\/original\/2016\/06\/14\/eshyla.png\" alt=\"Eyshila (Foto: Facebook \/ Reprodu\u00e7\u00e3o)\" width=\"585\" height=\"878\" \/><strong>O post de Eyshila comunicando a morte do filho (Foto: Facebook \/ Reprodu\u00e7\u00e3o)<\/strong><\/h3>\n<div class=\"foto componente_materia midia-largura-620\"><img loading=\"lazy\" class=\" alignleft\" title=\"Eyshila e filho Matheus (Foto: Instagram \/ Reprodu\u00e7\u00e3o)\" src=\"http:\/\/s2.glbimg.com\/XgSN5ZdOva0c-4trb-MNK_iIuQQ=\/620x0\/s.glbimg.com\/jo\/eg\/f\/original\/2016\/06\/14\/gujnh.jpg\" alt=\"Eyshila e filho Matheus (Foto: Instagram \/ Reprodu\u00e7\u00e3o)\" width=\"585\" height=\"586\" \/><strong>Eyshila e filho Matheus (Foto: Instagram \/ Reprodu\u00e7\u00e3o)<\/strong><\/div>\n<div class=\"foto componente_materia midia-largura-620\"><img loading=\"lazy\" class=\" alignleft\" title=\"Lucas, Odilon, Eyshila e Matheus (Foto: Reprodu\u00e7\u00e3o\/Instagram)\" src=\"http:\/\/s2.glbimg.com\/RrDJ5B2QZIjQRNIACipalUHY7KU=\/620x0\/s.glbimg.com\/jo\/eg\/f\/original\/2016\/06\/10\/12292744_163006717387528_1574948531_n.jpg\" alt=\"Lucas, Odilon, Eyshila e Matheus (Foto: Reprodu\u00e7\u00e3o\/Instagram)\" width=\"584\" height=\"584\" \/><strong>Lucas, Odilon, Eyshila e Matheus (Foto: Reprodu\u00e7\u00e3o\/Instagram)<\/strong><\/div>\n<p>&nbsp;<\/p>\n","protected":false},"excerpt":{"rendered":"<p>Morre Matheus, filho de Eyshila (Foto: Instagram \/ Reprodu\u00e7\u00e3o) Adolescente estava internado h\u00e1 uma semana com quadro de meningite viral. &#8216;Descansou&#8217;, disse a cantora em publica\u00e7\u00e3o feita no Instagram. Morreu na noite desta ter\u00e7a-feira, 14, o adolescente Matheus Oliveira, filho da cantora gospel Eyshila, devido ao agravamento do seu quadro de meningite, com encefalite herp\u00e9tica. [&hellip;]<\/p>\n","protected":false},"author":2,"featured_media":0,"comment_status":"open","ping_status":"open","sticky":false,"template":"","format":"standard","meta":{"_links_to":"","_links_to_target":""},"categories":[1],"tags":[],"_links":{"self":[{"href":"https:\/\/www.blogdotarugao.com.br\/v1\/wp-json\/wp\/v2\/posts\/62593"}],"collection":[{"href":"https:\/\/www.blogdotarugao.com.br\/v1\/wp-json\/wp\/v2\/posts"}],"about":[{"href":"https:\/\/www.blogdotarugao.com.br\/v1\/wp-json\/wp\/v2\/types\/post"}],"author":[{"embeddable":true,"href":"https:\/\/www.blogdotarugao.com.br\/v1\/wp-json\/wp\/v2\/users\/2"}],"replies":[{"embeddable":true,"href":"https:\/\/www.blogdotarugao.com.br\/v1\/wp-json\/wp\/v2\/comments?post=62593"}],"version-history":[{"count":1,"href":"https:\/\/www.blogdotarugao.com.br\/v1\/wp-json\/wp\/v2\/posts\/62593\/revisions"}],"predecessor-version":[{"id":62595,"href":"https:\/\/www.blogdotarugao.com.br\/v1\/wp-json\/wp\/v2\/posts\/62593\/revisions\/62595"}],"wp:attachment":[{"href":"https:\/\/www.blogdotarugao.com.br\/v1\/wp-json\/wp\/v2\/media?parent=62593"}],"wp:term":[{"taxonomy":"category","embeddable":true,"href":"https:\/\/www.blogdotarugao.com.br\/v1\/wp-json\/wp\/v2\/categories?post=62593"},{"taxonomy":"post_tag","embeddable":true,"href":"https:\/\/www.blogdotarugao.com.br\/v1\/wp-json\/wp\/v2\/tags?post=62593"}],"curies":[{"name":"wp","href":"https:\/\/api.w.org\/{rel}","templated":true}]}}