{"id":62699,"date":"2016-06-15T18:53:00","date_gmt":"2016-06-15T21:53:00","guid":{"rendered":"http:\/\/www.blogdotarugao.com.br\/v1\/?p=62699"},"modified":"2016-06-15T18:53:00","modified_gmt":"2016-06-15T21:53:00","slug":"tite-e-confirmado-como-novo-tecnico-da-selecao-brasileira","status":"publish","type":"post","link":"https:\/\/www.blogdotarugao.com.br\/v1\/2016\/06\/15\/tite-e-confirmado-como-novo-tecnico-da-selecao-brasileira\/","title":{"rendered":"Tite \u00e9 confirmado como novo t\u00e9cnico da Sele\u00e7\u00e3o Brasileira"},"content":{"rendered":"<figure id=\"attachment_2326913\" class=\"wp-caption alignleft\" style=\"width: 595px;\" title=\"Tite tem 55 anos e um t\u00edtulo mundial no curr\u00edculo, conquistado pelo Corinthians (foto: Daniel Augusto Jr\/Ag. Corinthians)\"><img loading=\"lazy\" class=\"aligncenter  wp-image-62700\" src=\"http:\/\/www.blogdotarugao.com.br\/v1\/wp-content\/uploads\/2016\/06\/tite.jpg\" alt=\"tite\" width=\"585\" height=\"325\" srcset=\"https:\/\/www.blogdotarugao.com.br\/v1\/wp-content\/uploads\/2016\/06\/tite.jpg 768w, https:\/\/www.blogdotarugao.com.br\/v1\/wp-content\/uploads\/2016\/06\/tite-300x167.jpg 300w\" sizes=\"(max-width: 585px) 100vw, 585px\" \/><figcaption class=\"wp-caption-text\">Tite tem 55 anos e um t\u00edtulo mundial no curr\u00edculo, conquistado pelo Corinthians (foto: Daniel Augusto Jr\/Ag. Corinthians)<\/figcaption><\/figure>\n<h3 style=\"text-align: justify;\">Tite \u00e9 o novo t\u00e9cnico da Sele\u00e7\u00e3o Brasileira. O an\u00fancio n\u00e3o foi feito por ele nem pela Confedera\u00e7\u00e3o Brasileira de Futebol (CBF), mas por Roberto de Andrade, presidente do Corinthians, no CT Joaquim Grava, nesta quarta-feira. O agora ex-comandante corintiano aceitou o convite que recebeu do mandat\u00e1rio Marco Polo Del Nero e ser\u00e1 o substituto de Dunga, demitido ap\u00f3s a fraca campanha na Copa Am\u00e9rica Centen\u00e1rio, na qual o Brasil caiu na primeira fase. Juntamente com o treinador, v\u00e3o \u00e0 Sele\u00e7\u00e3o o auxiliar Cl\u00e9ber Xavier, o dirigente Edu Gaspar e Matheus Bacchi, filho do novo comandante.<\/h3>\n<h3 style=\"text-align: justify;\">O acordo com a CBF determina o fim da terceira passagem de Tite pelo Corinthians. Campe\u00e3o brasileiro no ano passado, o t\u00e9cnico havia retornado \u00e0 equipe no final de 2014 e tinha contrato at\u00e9 dezembro de 2017. Ele j\u00e1 havia dirigido o Tim\u00e3o entre 2004 e 2005 e 2010 e 2013 \u2013 per\u00edodo em que foi campe\u00e3o da Copa Libertadores e do Mundial de Clubes da Fifa, entre outras conquistas. Tornou-se\u00a0o segundo treinador que mais vezes comandou o Tim\u00e3o, atr\u00e1s apenas de Oswaldo Brand\u00e3o (435 jogos contra 378).<\/h3>\n<p><!--more--><\/p>\n<h3 style=\"text-align: justify;\">Tite havia estabelecido algumas condi\u00e7\u00f5es para assumir a Sele\u00e7\u00e3o. A primeira era a recusa em negociar com a CBF caso Dunga ainda estivesse empregado. Ap\u00f3s o fracasso na fase de grupos da Copa Am\u00e9rica Centen\u00e1rio, o ex-capit\u00e3o da Sele\u00e7\u00e3o se reuniu com Del Nero na tarde desta ter\u00e7a-feira e ouviu que os seus servi\u00e7os n\u00e3o eram mais necess\u00e1rios.<\/h3>\n<h3 style=\"text-align: justify;\">Comandar a Sele\u00e7\u00e3o Brasileira era um sonho antigo de Tite. Ap\u00f3s deixar o Corinthians em 2013, o treinador tirou um ano sab\u00e1tico e aguardou em v\u00e3o um chamado da CBF. Ele tinha a esperan\u00e7a de que seria o escolhido pela entidade para substituir Luiz Felipe Scolari ap\u00f3s o vexame na Copa do Mundo de 2014 (goleada por 7 a 1 sofrida para a Alemanha na semifinal e derrota por 3 a 0 para a Holanda na disputa do terceiro lugar). Del Nero, contudo, preferiu acertar a volta de Dunga para tentar reestruturar a equipe.<\/h3>\n<h3 style=\"text-align: justify;\">Posteriormente, Tite disse que recusou duas propostas para assumir a equipe. Um primeiro chamado teria ocorrido antes da Copa Am\u00e9rica de 2015, no Chile. J\u00e1 o segundo foi feito aproximadamente tr\u00eas semanas ap\u00f3s o torneio. Sob o comando de Dunga, o Brasil perdeu nos p\u00eanaltis para o Paraguai e acabou eliminado nas quartas de final.<\/h3>\n<h3 style=\"text-align: justify;\">A miss\u00e3o de Tite ser\u00e1 reerguer um time marcado pelo vexame do 7 a 1 e que ainda n\u00e3o recuperou a confian\u00e7a do torcedor. Com Dunga, a Sele\u00e7\u00e3o passou vergonha nas duas \u00faltimas edi\u00e7\u00f5es da Copa Am\u00e9rica. Nas Eliminat\u00f3rias \u00e0 Copa do Mundo da R\u00fassia, o Brasil est\u00e1 com nove pontos \u2013 a quatro do l\u00edder Uruguai \u2013 e ocupa s\u00f3 a sexta coloca\u00e7\u00e3o, fora da zona de classifica\u00e7\u00e3o.<\/h3>\n<h3 style=\"text-align: justify;\">Tite tamb\u00e9m ser\u00e1 desafiado a cultivar um bom relacionamento com os dirigentes da CBF. A entidade foi assolada pelas den\u00fancias de corrup\u00e7\u00e3o que vieram \u00e0 tona com o esc\u00e2ndalo da Fifa, deflagrado em maio de 2015. O ex-vice-presidente Jos\u00e9 Maria Marin aguarda julgamento em pris\u00e3o domiciliar nos Estados Unidos, enquanto o atual Del Nero foi indiciado pelo FBI (pol\u00edcia federal norte-americana) e n\u00e3o viaja mais para o exterior.<\/h3>\n<h3 style=\"text-align: justify;\">H\u00e1 seis meses, Tite assinou um manifesto que exigia a ren\u00fancia de Del Nero da presid\u00eancia da CBF. O documento, idealizado pela ONG Atletas Pelo Brasil e pelo Bom Senso FC, contou com o respaldo de 127 personalidades ligadas ao mundo do futebol.<\/h3>\n<h3 style=\"text-align: justify;\"><strong>Hist\u00f3rico<br \/>\n<\/strong>Nascido na cidade ga\u00facha de Caxias do Sul, em 25 de maio de 1961, Adenor Leonardo Bacchi ganhou o apelido de Tite na adolesc\u00eancia. \u00c0 \u00e9poca conhecido como Ade, ele atuava em um torneio escolar quando Luiz Felipe Scolari, ent\u00e3o zagueiro do Caxias, aprovou a atua\u00e7\u00e3o do jovem meio-campista e o apresentou \u00e0 diretoria do seu clube. Felip\u00e3o, no entanto, se equivocou e disse aos dirigentes que a promessa se chamava Tite \u2013 nome de outo atleta que integrava a equipe amadora.<\/h3>\n<h3 style=\"text-align: justify;\">Tite ingressou no Caxias no final da d\u00e9cada de 1970. Ele ainda defendeu as cores do Esportivo de Bento Gon\u00e7alves, Portuguesa e Guarani antes de encerrar a carreira como jogador prematuramente, aos 28 anos, devido a les\u00f5es nos joelhos. Ele passou a exercer o of\u00edcio de t\u00e9cnico j\u00e1 em 1990, no Guarany-RS. Mas seu trabalho s\u00f3 chamou a aten\u00e7\u00e3o em n\u00edvel nacional quando foi campe\u00e3o ga\u00facho pelo Caxias, em 2000.<\/h3>\n<h3 style=\"text-align: justify;\">O trof\u00e9u lhe rendeu uma oportunidade no Gr\u00eamio, time no qual conquistou o Estadual (2001) e a Copa do Brasil (2001), em cima do Corinthians. A primeira passagem pelo Tim\u00e3o, entre 2004 e 2005, terminou sem que ganhasse um t\u00edtulo. Ele ainda acumulou <a id=\"PXLINK_1_0_0\" class=\"pxInta\" href=\"http:\/\/www.gazetaesportiva.com\/selecao-brasileira\/tite-e-confirmado-como-novo-tecnico-da-selecao-brasileira\/#\">passagens<\/a> por grandes clubes, como Atl\u00e9tico-MG, Inter e Palmeiras, al\u00e9m de ter dirigido equipes do mundo \u00e1rabe. Foi campe\u00e3o s\u00f3 pelo Inter, assegurando os trof\u00e9us da Copa Sul-Americana (2008), do Gauch\u00e3o (2009) e da Copa Suruga (2009).<\/h3>\n<h3 style=\"text-align: justify;\">O treinador voltou ao Corinthians em 2010, faltando oito rodadas para o fim do Campeonato Brasileiro. A segunda passagem pelo clube durou at\u00e9 2013 e rendeu os t\u00edtulos do Brasileir\u00e3o de 2011, da Libertadores e do Mundial de Clubes de 2012, e do Paulist\u00e3o e da Recopa de 2013. Ap\u00f3s um per\u00edodo sem trabalhar, Tite retornou ao Corinthians no final de 2014 e, no ano passado, levou a equipe ao hexacampeonato nacional.<\/h3>\n<h3 style=\"text-align: justify;\">Nessa temporada, Tite viu o Corinthians ser eliminado na semifinal do Paulist\u00e3o, pelo Gr\u00eamio Osasco Audax, e nas oitavas de final da Libertadores, pelo Nacional-URU. Ap\u00f3s sofrer press\u00e3o por parte da torcida, ele recuperou o prest\u00edgio da equipe no Brasileir\u00e3o e conquistou resultados importantes. Seu \u00faltimo jogo, no entanto, foi uma derrota por 1 a 0 para o Palmeiras, no domingo, no Palestra It\u00e1lia. No momento, o Tim\u00e3o est\u00e1 na quarta posi\u00e7\u00e3o do campeonato, com 13 pontos somados em sete rodadas.<\/h3>\n","protected":false},"excerpt":{"rendered":"<p>Tite tem 55 anos e um t\u00edtulo mundial no curr\u00edculo, conquistado pelo Corinthians (foto: Daniel Augusto Jr\/Ag. Corinthians) Tite \u00e9 o novo t\u00e9cnico da Sele\u00e7\u00e3o Brasileira. O an\u00fancio n\u00e3o foi feito por ele nem pela Confedera\u00e7\u00e3o Brasileira de Futebol (CBF), mas por Roberto de Andrade, presidente do Corinthians, no CT Joaquim Grava, nesta quarta-feira. O [&hellip;]<\/p>\n","protected":false},"author":2,"featured_media":0,"comment_status":"open","ping_status":"open","sticky":false,"template":"","format":"standard","meta":{"_links_to":"","_links_to_target":""},"categories":[1],"tags":[],"_links":{"self":[{"href":"https:\/\/www.blogdotarugao.com.br\/v1\/wp-json\/wp\/v2\/posts\/62699"}],"collection":[{"href":"https:\/\/www.blogdotarugao.com.br\/v1\/wp-json\/wp\/v2\/posts"}],"about":[{"href":"https:\/\/www.blogdotarugao.com.br\/v1\/wp-json\/wp\/v2\/types\/post"}],"author":[{"embeddable":true,"href":"https:\/\/www.blogdotarugao.com.br\/v1\/wp-json\/wp\/v2\/users\/2"}],"replies":[{"embeddable":true,"href":"https:\/\/www.blogdotarugao.com.br\/v1\/wp-json\/wp\/v2\/comments?post=62699"}],"version-history":[{"count":1,"href":"https:\/\/www.blogdotarugao.com.br\/v1\/wp-json\/wp\/v2\/posts\/62699\/revisions"}],"predecessor-version":[{"id":62701,"href":"https:\/\/www.blogdotarugao.com.br\/v1\/wp-json\/wp\/v2\/posts\/62699\/revisions\/62701"}],"wp:attachment":[{"href":"https:\/\/www.blogdotarugao.com.br\/v1\/wp-json\/wp\/v2\/media?parent=62699"}],"wp:term":[{"taxonomy":"category","embeddable":true,"href":"https:\/\/www.blogdotarugao.com.br\/v1\/wp-json\/wp\/v2\/categories?post=62699"},{"taxonomy":"post_tag","embeddable":true,"href":"https:\/\/www.blogdotarugao.com.br\/v1\/wp-json\/wp\/v2\/tags?post=62699"}],"curies":[{"name":"wp","href":"https:\/\/api.w.org\/{rel}","templated":true}]}}