{"id":62702,"date":"2016-06-15T19:00:58","date_gmt":"2016-06-15T22:00:58","guid":{"rendered":"http:\/\/www.blogdotarugao.com.br\/v1\/?p=62702"},"modified":"2016-06-15T19:00:58","modified_gmt":"2016-06-15T22:00:58","slug":"mae-e-tio-que-retornavam-de-sepultamento-de-jovem-vitima-de-acidente-morrem-apos-colidir-com-caminhao-na-bahia","status":"publish","type":"post","link":"https:\/\/www.blogdotarugao.com.br\/v1\/2016\/06\/15\/mae-e-tio-que-retornavam-de-sepultamento-de-jovem-vitima-de-acidente-morrem-apos-colidir-com-caminhao-na-bahia\/","title":{"rendered":"M\u00e3e e tio que retornavam de sepultamento de jovem, v\u00edtima de acidente morrem ap\u00f3s colidir com caminh\u00e3o na Bahia"},"content":{"rendered":"<h3 style=\"text-align: justify;\"><img loading=\"lazy\" class=\"  wp-image-62704 alignleft\" src=\"http:\/\/www.blogdotarugao.com.br\/v1\/wp-content\/uploads\/2016\/06\/acii.jpg\" alt=\"acii\" width=\"584\" height=\"328\" srcset=\"https:\/\/www.blogdotarugao.com.br\/v1\/wp-content\/uploads\/2016\/06\/acii.jpg 550w, https:\/\/www.blogdotarugao.com.br\/v1\/wp-content\/uploads\/2016\/06\/acii-300x169.jpg 300w\" sizes=\"(max-width: 584px) 100vw, 584px\" \/>A ferida ainda \u201caberta\u201d com a morte tr\u00e1gica do jovem Jean Santana da Silva, 20 anos, na tarde de s\u00e1bado, 11, quando colidiu a motocicleta com a de Elielson da Silva Oliveira,28, numa estrada vicinal do Povoado de Bezerra, no Munic\u00edpio de Valente, a fam\u00edlia recebeu mais uma triste not\u00edcia no inicio da noite desta ter\u00e7a-feira, de mais uma trag\u00e9dia envolvendo a m\u00e3e de Jean, a dona de casa Maria Aparecida Alves Santana, 36 anos, e Eduardo Alves de Santana,28, seu irm\u00e3o e tio de Jean.<img loading=\"lazy\" class=\" alignleft\" src=\"https:\/\/3.bp.blogspot.com\/-tIhGa6pDhRk\/V2C2PB9ufWI\/AAAAAAABZug\/FrKxyjc3824r4R4vOlPBJDTPhmAMmBl1gCLcB\/s640\/Itambeagora%2B2.JPG\" alt=\"\" width=\"585\" height=\"325\" \/><\/h3>\n<h3 style=\"text-align: justify;\">Maria Aparecida residia em Goiania enquanto seu irm\u00e3o Eduardo morava numa cidade do interior chamada Bom Jesus de Goi\u00e1s. T\u00e3o logo tomaram conhecimento da morte de Jean que morava com seus pais, se organizaram para vim para o sepultamento que aconteceu na tarde de domingo, 12, e ao retornarem de Valente, depois do almo\u00e7o na tarde de hoje (14), a bordo de um Fiat Palio Attract 1.0, cor vermelha, p\/p OMK 0065, licen\u00e7a de Bom Jesus \u2013 GO, colidiu com um caminh\u00e3o carregado de botij\u00e3o com placa de Salvador e morreram na hora.<img loading=\"lazy\" class=\" alignleft\" src=\"https:\/\/3.bp.blogspot.com\/-nr5hiiRq51Y\/V2C2PUpDLHI\/AAAAAAABZuk\/68BBvrPau0A2vYe185qzUxhZXh8fejHvACLcB\/s640\/Itambeagora%2B3.jpg\" alt=\"\" width=\"584\" height=\"384\" \/><\/h3>\n<h3 style=\"text-align: justify;\">A Policia Militar da regi\u00e3o informou que a colis\u00e3o aconteceu na altura do km 18, da BA 130 trecho entre Macajuba e Rui Barbosa, na localidade conhecida por Fazenda Su\u00e9.<\/h3>\n<h3 style=\"text-align: justify;\">Familiares j\u00e1 foram para o local do acidente a fim de providenciarem a libera\u00e7\u00e3o dos corpos. (Calila Not\u00edcias)<\/h3>\n","protected":false},"excerpt":{"rendered":"<p>A ferida ainda \u201caberta\u201d com a morte tr\u00e1gica do jovem Jean Santana da Silva, 20 anos, na tarde de s\u00e1bado, 11, quando colidiu a motocicleta com a de Elielson da Silva Oliveira,28, numa estrada vicinal do Povoado de Bezerra, no Munic\u00edpio de Valente, a fam\u00edlia recebeu mais uma triste not\u00edcia no inicio da noite desta [&hellip;]<\/p>\n","protected":false},"author":2,"featured_media":0,"comment_status":"open","ping_status":"open","sticky":false,"template":"","format":"standard","meta":{"_links_to":"","_links_to_target":""},"categories":[1],"tags":[],"_links":{"self":[{"href":"https:\/\/www.blogdotarugao.com.br\/v1\/wp-json\/wp\/v2\/posts\/62702"}],"collection":[{"href":"https:\/\/www.blogdotarugao.com.br\/v1\/wp-json\/wp\/v2\/posts"}],"about":[{"href":"https:\/\/www.blogdotarugao.com.br\/v1\/wp-json\/wp\/v2\/types\/post"}],"author":[{"embeddable":true,"href":"https:\/\/www.blogdotarugao.com.br\/v1\/wp-json\/wp\/v2\/users\/2"}],"replies":[{"embeddable":true,"href":"https:\/\/www.blogdotarugao.com.br\/v1\/wp-json\/wp\/v2\/comments?post=62702"}],"version-history":[{"count":2,"href":"https:\/\/www.blogdotarugao.com.br\/v1\/wp-json\/wp\/v2\/posts\/62702\/revisions"}],"predecessor-version":[{"id":62705,"href":"https:\/\/www.blogdotarugao.com.br\/v1\/wp-json\/wp\/v2\/posts\/62702\/revisions\/62705"}],"wp:attachment":[{"href":"https:\/\/www.blogdotarugao.com.br\/v1\/wp-json\/wp\/v2\/media?parent=62702"}],"wp:term":[{"taxonomy":"category","embeddable":true,"href":"https:\/\/www.blogdotarugao.com.br\/v1\/wp-json\/wp\/v2\/categories?post=62702"},{"taxonomy":"post_tag","embeddable":true,"href":"https:\/\/www.blogdotarugao.com.br\/v1\/wp-json\/wp\/v2\/tags?post=62702"}],"curies":[{"name":"wp","href":"https:\/\/api.w.org\/{rel}","templated":true}]}}