{"id":62712,"date":"2016-06-15T20:56:34","date_gmt":"2016-06-15T23:56:34","guid":{"rendered":"http:\/\/www.blogdotarugao.com.br\/v1\/?p=62712"},"modified":"2016-06-15T20:56:34","modified_gmt":"2016-06-15T23:56:34","slug":"cervejaria-anuncia-fechamento-de-fabrica-em-feira-de-santana","status":"publish","type":"post","link":"https:\/\/www.blogdotarugao.com.br\/v1\/2016\/06\/15\/cervejaria-anuncia-fechamento-de-fabrica-em-feira-de-santana\/","title":{"rendered":"Cervejaria anuncia fechamento de f\u00e1brica em Feira de Santana"},"content":{"rendered":"<header>\n<h1 class=\"titulo-interna\"><img loading=\"lazy\" class=\"  wp-image-62713 alignleft\" src=\"http:\/\/www.blogdotarugao.com.br\/v1\/wp-content\/uploads\/2016\/06\/Kiser.jpg\" alt=\"Kiser\" width=\"584\" height=\"390\" srcset=\"https:\/\/www.blogdotarugao.com.br\/v1\/wp-content\/uploads\/2016\/06\/Kiser.jpg 800w, https:\/\/www.blogdotarugao.com.br\/v1\/wp-content\/uploads\/2016\/06\/Kiser-300x200.jpg 300w\" sizes=\"(max-width: 584px) 100vw, 584px\" \/><\/h1>\n<\/header>\n<div class=\"editor clearfix\">\n<h3 style=\"text-align: justify;\">A Cervejaria Heineken\/Kaiser informou nesta quarta-feira (15) que encerrar\u00e1 as atividades da sua f\u00e1brica no Centro Industrial do Suba\u00e9 (CIS), em Feira de Santana.<\/h3>\n<h3 style=\"text-align: justify;\"><\/h3>\n<h3 style=\"text-align: justify;\">Segundo o diretor do Sindicato dos Trabalhadores nas Ind\u00fastrias de Cervejas e Bebidas em Geral no Estado da Bahia (Sindibeb), Roberto Santana, a empresa j\u00e1 iniciou a rescis\u00e3o contratual de 126 funcion\u00e1rios, e trabalhadores terceirizados tamb\u00e9m devem sofrer com o fechamento da unidade.<\/h3>\n<h3 style=\"text-align: justify;\">Outros 10 trabalhadores devem ficar na f\u00e1brica at\u00e9 dezembro, para atuar na manuten\u00e7\u00e3o dos equipamentos.<\/h3>\n<h3 style=\"text-align: justify;\">Roberto Santana disse que a empresa argumentou a falta de viabilidade comercial das marcas Kaiser e Bav\u00e1ria, que eram produzidas no munic\u00edpio.<\/h3>\n<h3 style=\"text-align: justify;\">Em declara\u00e7\u00e3o ao site Ol\u00e1 Bahia, Roberto pontuou que o sindicato conseguiu negociar alguns benef\u00edcios para os trabalhadores desligados, como compensa\u00e7\u00e3o financeira, seis meses de assist\u00eancia e mais seis meses de vale-alimenta\u00e7\u00e3o no valor de R$ 256.<\/h3>\n<\/div>\n","protected":false},"excerpt":{"rendered":"<p>A Cervejaria Heineken\/Kaiser informou nesta quarta-feira (15) que encerrar\u00e1 as atividades da sua f\u00e1brica no Centro Industrial do Suba\u00e9 (CIS), em Feira de Santana. Segundo o diretor do Sindicato dos Trabalhadores nas Ind\u00fastrias de Cervejas e Bebidas em Geral no Estado da Bahia (Sindibeb), Roberto Santana, a empresa j\u00e1 iniciou a rescis\u00e3o contratual de 126 [&hellip;]<\/p>\n","protected":false},"author":2,"featured_media":0,"comment_status":"open","ping_status":"open","sticky":false,"template":"","format":"standard","meta":{"_links_to":"","_links_to_target":""},"categories":[1],"tags":[],"_links":{"self":[{"href":"https:\/\/www.blogdotarugao.com.br\/v1\/wp-json\/wp\/v2\/posts\/62712"}],"collection":[{"href":"https:\/\/www.blogdotarugao.com.br\/v1\/wp-json\/wp\/v2\/posts"}],"about":[{"href":"https:\/\/www.blogdotarugao.com.br\/v1\/wp-json\/wp\/v2\/types\/post"}],"author":[{"embeddable":true,"href":"https:\/\/www.blogdotarugao.com.br\/v1\/wp-json\/wp\/v2\/users\/2"}],"replies":[{"embeddable":true,"href":"https:\/\/www.blogdotarugao.com.br\/v1\/wp-json\/wp\/v2\/comments?post=62712"}],"version-history":[{"count":1,"href":"https:\/\/www.blogdotarugao.com.br\/v1\/wp-json\/wp\/v2\/posts\/62712\/revisions"}],"predecessor-version":[{"id":62714,"href":"https:\/\/www.blogdotarugao.com.br\/v1\/wp-json\/wp\/v2\/posts\/62712\/revisions\/62714"}],"wp:attachment":[{"href":"https:\/\/www.blogdotarugao.com.br\/v1\/wp-json\/wp\/v2\/media?parent=62712"}],"wp:term":[{"taxonomy":"category","embeddable":true,"href":"https:\/\/www.blogdotarugao.com.br\/v1\/wp-json\/wp\/v2\/categories?post=62712"},{"taxonomy":"post_tag","embeddable":true,"href":"https:\/\/www.blogdotarugao.com.br\/v1\/wp-json\/wp\/v2\/tags?post=62712"}],"curies":[{"name":"wp","href":"https:\/\/api.w.org\/{rel}","templated":true}]}}