{"id":62738,"date":"2016-06-16T14:15:39","date_gmt":"2016-06-16T17:15:39","guid":{"rendered":"http:\/\/www.blogdotarugao.com.br\/v1\/?p=62738"},"modified":"2016-06-16T14:39:08","modified_gmt":"2016-06-16T17:39:08","slug":"itapetinga-veja-a-grade-completa-dos-artistas-que-vao-fazer-bonito-no-sao-joao","status":"publish","type":"post","link":"https:\/\/www.blogdotarugao.com.br\/v1\/2016\/06\/16\/itapetinga-veja-a-grade-completa-dos-artistas-que-vao-fazer-bonito-no-sao-joao\/","title":{"rendered":"ITAPETINGA: VEJA A GRADE COMPLETA DOS ARTISTAS QUE V\u00c3O FAZER BONITO NO S\u00c3O JO\u00c3O"},"content":{"rendered":"<h3 style=\"text-align: justify;\"><img loading=\"lazy\" class=\"  wp-image-62732 alignleft\" src=\"http:\/\/www.blogdotarugao.com.br\/v1\/wp-content\/uploads\/2016\/06\/Paula-Fernandes.jpg\" alt=\"Paula Fernandes\" width=\"584\" height=\"365\" srcset=\"https:\/\/www.blogdotarugao.com.br\/v1\/wp-content\/uploads\/2016\/06\/Paula-Fernandes.jpg 720w, https:\/\/www.blogdotarugao.com.br\/v1\/wp-content\/uploads\/2016\/06\/Paula-Fernandes-300x188.jpg 300w\" sizes=\"(max-width: 584px) 100vw, 584px\" \/> <img loading=\"lazy\" class=\"  wp-image-62733 alignleft\" src=\"http:\/\/www.blogdotarugao.com.br\/v1\/wp-content\/uploads\/2016\/06\/kaio-oli2.jpg\" alt=\"kaio oli2\" width=\"585\" height=\"483\" srcset=\"https:\/\/www.blogdotarugao.com.br\/v1\/wp-content\/uploads\/2016\/06\/kaio-oli2.jpg 800w, https:\/\/www.blogdotarugao.com.br\/v1\/wp-content\/uploads\/2016\/06\/kaio-oli2-300x248.jpg 300w\" sizes=\"(max-width: 585px) 100vw, 585px\" \/><img loading=\"lazy\" class=\"  wp-image-62740 alignleft\" src=\"http:\/\/www.blogdotarugao.com.br\/v1\/wp-content\/uploads\/2016\/06\/sinho-ferrari.jpg\" alt=\"sinho ferrari\" width=\"584\" height=\"584\" srcset=\"https:\/\/www.blogdotarugao.com.br\/v1\/wp-content\/uploads\/2016\/06\/sinho-ferrari.jpg 480w, https:\/\/www.blogdotarugao.com.br\/v1\/wp-content\/uploads\/2016\/06\/sinho-ferrari-150x150.jpg 150w, https:\/\/www.blogdotarugao.com.br\/v1\/wp-content\/uploads\/2016\/06\/sinho-ferrari-300x300.jpg 300w\" sizes=\"(max-width: 584px) 100vw, 584px\" \/> <img loading=\"lazy\" class=\"  wp-image-62741 alignleft\" src=\"http:\/\/www.blogdotarugao.com.br\/v1\/wp-content\/uploads\/2016\/06\/NETINHO-CANTOR.jpg\" alt=\"NETINHO CANTOR\" width=\"585\" height=\"582\" \/> <img loading=\"lazy\" class=\"  wp-image-62742 alignleft\" src=\"http:\/\/www.blogdotarugao.com.br\/v1\/wp-content\/uploads\/2016\/06\/TARGINO-GONDIM.jpg\" alt=\"TARGINO GONDIM\" width=\"585\" height=\"389\" srcset=\"https:\/\/www.blogdotarugao.com.br\/v1\/wp-content\/uploads\/2016\/06\/TARGINO-GONDIM.jpg 800w, https:\/\/www.blogdotarugao.com.br\/v1\/wp-content\/uploads\/2016\/06\/TARGINO-GONDIM-300x200.jpg 300w\" sizes=\"(max-width: 585px) 100vw, 585px\" \/>Na manh\u00e3 desta quinta-feira (16) por volta de 10:30hs, a C\u00e2mara de Dirigentes Lojista (CDL), organizou em sua sede que fica localizada na Rua 02 de Julho, uma entrevista coletiva com a Imprensa falada e escrita, para falar sobre a grande programa\u00e7\u00e3o do S\u00e3o Jo\u00e3o de Itapetinga-ba, cidade localizada no Sudoeste da Bahia.<\/h3>\n<h3 style=\"text-align: justify;\">Grandes empres\u00e1rios do Munic\u00edpio compareceram para acompanhar a coletiva e saber da grade completa.<\/h3>\n<h3 style=\"text-align: justify;\">Participaram da coletiva os integrantes da Comiss\u00e3o da Festa, o empres\u00e1rio, L\u00e9o Matos, Dr. Emano e Dudu da Dirigente da CDL, o diretor do departamento de Cultura, Eduardo Ficina, o prefeito, Jos\u00e9 Carlos Moura e o Presidente da CDL, Oniel Brand\u00e3o.<\/h3>\n<h3 style=\"text-align: justify;\">Na coletiva, todos comentaram a dificuldade para conseguir montar a Grade de Artistas para o Grande S\u00e3o Jo\u00e3o de Itapetinga.<\/h3>\n<h3 style=\"text-align: justify;\">Mas com grandes parcerias a coisa come\u00e7ou a clarear e uma grande empresa do ramo de fabrica\u00e7\u00e3o de cerveja, acabou dando o \u201cpasso\u201d inicial para a montagem de uma grande grade.<\/h3>\n<h3 style=\"text-align: justify;\">Veja como ficou a grade:<\/h3>\n<h3 style=\"text-align: justify;\">QUINTA-FEIRA (23)<\/h3>\n<p><!--more--><\/p>\n<h3 style=\"text-align: justify;\">TARGINO GONDIM<\/h3>\n<h3 style=\"text-align: justify;\">LEVANTA SAIA<\/h3>\n<h3 style=\"text-align: justify;\">JU\u00c1 DA BAHIA<\/h3>\n<h3 style=\"text-align: justify;\">SEXTA-FEIRA (24)<\/h3>\n<h3 style=\"text-align: justify;\">PAULA FERNANDES<\/h3>\n<h3 style=\"text-align: justify;\">KAIO OLIVEIRA<\/h3>\n<h3 style=\"text-align: justify;\">S\u00c1BADO (25)<\/h3>\n<h3 style=\"text-align: justify;\">NETINHO DO FORR\u00d3<\/h3>\n<h3 style=\"text-align: justify;\">SINHO FERRARI<\/h3>\n<h3 style=\"text-align: justify;\">LUIZ BENTO<\/h3>\n<h3 style=\"text-align: justify;\">As bandas regionais ser\u00e3o alocadas na grade e s\u00e3o elas:<\/h3>\n<h3 style=\"text-align: justify;\">XAVECO<\/h3>\n<h3 style=\"text-align: justify;\">SUZY TOP DE LUXO<\/h3>\n<h3 style=\"text-align: justify;\">PIOR \u00c9 NADA<\/h3>\n<h3 style=\"text-align: justify;\">MAZINHO SANFONEIRO<\/h3>\n<h3 style=\"text-align: justify;\">GILVAN ALVES<\/h3>\n","protected":false},"excerpt":{"rendered":"<p>Na manh\u00e3 desta quinta-feira (16) por volta de 10:30hs, a C\u00e2mara de Dirigentes Lojista (CDL), organizou em sua sede que fica localizada na Rua 02 de Julho, uma entrevista coletiva com a Imprensa falada e escrita, para falar sobre a grande programa\u00e7\u00e3o do S\u00e3o Jo\u00e3o de Itapetinga-ba, cidade localizada no Sudoeste da Bahia. Grandes empres\u00e1rios [&hellip;]<\/p>\n","protected":false},"author":2,"featured_media":0,"comment_status":"open","ping_status":"open","sticky":false,"template":"","format":"standard","meta":{"_links_to":"","_links_to_target":""},"categories":[1],"tags":[],"_links":{"self":[{"href":"https:\/\/www.blogdotarugao.com.br\/v1\/wp-json\/wp\/v2\/posts\/62738"}],"collection":[{"href":"https:\/\/www.blogdotarugao.com.br\/v1\/wp-json\/wp\/v2\/posts"}],"about":[{"href":"https:\/\/www.blogdotarugao.com.br\/v1\/wp-json\/wp\/v2\/types\/post"}],"author":[{"embeddable":true,"href":"https:\/\/www.blogdotarugao.com.br\/v1\/wp-json\/wp\/v2\/users\/2"}],"replies":[{"embeddable":true,"href":"https:\/\/www.blogdotarugao.com.br\/v1\/wp-json\/wp\/v2\/comments?post=62738"}],"version-history":[{"count":2,"href":"https:\/\/www.blogdotarugao.com.br\/v1\/wp-json\/wp\/v2\/posts\/62738\/revisions"}],"predecessor-version":[{"id":62745,"href":"https:\/\/www.blogdotarugao.com.br\/v1\/wp-json\/wp\/v2\/posts\/62738\/revisions\/62745"}],"wp:attachment":[{"href":"https:\/\/www.blogdotarugao.com.br\/v1\/wp-json\/wp\/v2\/media?parent=62738"}],"wp:term":[{"taxonomy":"category","embeddable":true,"href":"https:\/\/www.blogdotarugao.com.br\/v1\/wp-json\/wp\/v2\/categories?post=62738"},{"taxonomy":"post_tag","embeddable":true,"href":"https:\/\/www.blogdotarugao.com.br\/v1\/wp-json\/wp\/v2\/tags?post=62738"}],"curies":[{"name":"wp","href":"https:\/\/api.w.org\/{rel}","templated":true}]}}