{"id":63206,"date":"2016-06-22T14:01:40","date_gmt":"2016-06-22T17:01:40","guid":{"rendered":"http:\/\/www.blogdotarugao.com.br\/v1\/?p=63206"},"modified":"2016-06-22T14:01:40","modified_gmt":"2016-06-22T17:01:40","slug":"para-baixar-preco-do-feijao-temer-anuncia-aumento-da-importacao-do-mercosul","status":"publish","type":"post","link":"https:\/\/www.blogdotarugao.com.br\/v1\/2016\/06\/22\/para-baixar-preco-do-feijao-temer-anuncia-aumento-da-importacao-do-mercosul\/","title":{"rendered":"Para baixar pre\u00e7o do feij\u00e3o, Temer anuncia aumento da importa\u00e7\u00e3o do Mercosul"},"content":{"rendered":"<h3 style=\"text-align: justify;\"><img loading=\"lazy\" class=\"  wp-image-63207 alignleft\" src=\"http:\/\/www.blogdotarugao.com.br\/v1\/wp-content\/uploads\/2016\/06\/feij\u00e3o1.jpg\" alt=\"feij\u00e3o1\" width=\"585\" height=\"363\" srcset=\"https:\/\/www.blogdotarugao.com.br\/v1\/wp-content\/uploads\/2016\/06\/feij\u00e3o1.jpg 800w, https:\/\/www.blogdotarugao.com.br\/v1\/wp-content\/uploads\/2016\/06\/feij\u00e3o1-300x186.jpg 300w\" sizes=\"(max-width: 585px) 100vw, 585px\" \/><\/h3>\n<h3 style=\"text-align: justify;\">O presidente interino Michel Temer anunciou nesta quarta-feira (22) que o pa\u00eds ir\u00e1 liberar a compra de feij\u00e3o de tr\u00eas pa\u00edses do Mercosul: Argentina, Paraguai e Bol\u00edvia. O objetivo da medida, discutida em reuni\u00e3o ministerial, \u00e9 baixar o pre\u00e7o do produto nos supermercados brasileiros.<\/h3>\n<h3 style=\"text-align: justify;\"><\/h3>\n<h3 style=\"text-align: justify;\">Segundo o ministro Blairo Maggi (Agricultura), o governo federal estuda ainda a importa\u00e7\u00e3o tamb\u00e9m de pa\u00edses como M\u00e9xico e China. Ele tamb\u00e9m antecipou que negociar\u00e1 com as grandes redes de supermercado para que busquem o produto onde h\u00e1 maior oferta.<\/h3>\n<h3 style=\"text-align: justify;\"><\/h3>\n<h3 style=\"text-align: justify;\">&#8220;Pessoalmente, tenho me envolvido nas negocia\u00e7\u00f5es com os cerealistas e com os grandes supermercados para que eles possam fugir do tradicional que se faz no Brasil e ir diretamente \u00e0 fonte, onde tem esse produto e trazer&#8221;, disse.<\/h3>\n<h3 style=\"text-align: justify;\"><\/h3>\n<h3 style=\"text-align: justify;\">De acordo com ele, o pre\u00e7o do produto teve alta em junho em fun\u00e7\u00e3o de quest\u00f5es clim\u00e1ticas que ocasionaram perda de grande parte da safra no Centro Oeste. Segundo o ministro, o epis\u00f3dio ocasionou queda na oferta e um aumento na demanda.<\/h3>\n<h3 style=\"text-align: justify;\"><\/h3>\n<h3 style=\"text-align: justify;\">Segundo a \u00faltima pr\u00e9via do IPCA-15 de junho, divulgada na ter\u00e7a-feira (21), o feij\u00e3o-carioca teve alta de 16,38%. Na capital paulista, por exemplo, o quilo do feij\u00e3o-carioca j\u00e1 pode ser encontrado por mais de R$ 10.<\/h3>\n<h3 style=\"text-align: justify;\"><\/h3>\n<h3 style=\"text-align: justify;\">S\u00f3 entre 10 e 16 de junho, o alimento subiu 29,23%, segundo a pesquisa do Procon-SP, de R$ 6,50 para R$ 8,40.<\/h3>\n","protected":false},"excerpt":{"rendered":"<p>O presidente interino Michel Temer anunciou nesta quarta-feira (22) que o pa\u00eds ir\u00e1 liberar a compra de feij\u00e3o de tr\u00eas pa\u00edses do Mercosul: Argentina, Paraguai e Bol\u00edvia. O objetivo da medida, discutida em reuni\u00e3o ministerial, \u00e9 baixar o pre\u00e7o do produto nos supermercados brasileiros. Segundo o ministro Blairo Maggi (Agricultura), o governo federal estuda ainda [&hellip;]<\/p>\n","protected":false},"author":2,"featured_media":0,"comment_status":"open","ping_status":"open","sticky":false,"template":"","format":"standard","meta":{"_links_to":"","_links_to_target":""},"categories":[1],"tags":[],"_links":{"self":[{"href":"https:\/\/www.blogdotarugao.com.br\/v1\/wp-json\/wp\/v2\/posts\/63206"}],"collection":[{"href":"https:\/\/www.blogdotarugao.com.br\/v1\/wp-json\/wp\/v2\/posts"}],"about":[{"href":"https:\/\/www.blogdotarugao.com.br\/v1\/wp-json\/wp\/v2\/types\/post"}],"author":[{"embeddable":true,"href":"https:\/\/www.blogdotarugao.com.br\/v1\/wp-json\/wp\/v2\/users\/2"}],"replies":[{"embeddable":true,"href":"https:\/\/www.blogdotarugao.com.br\/v1\/wp-json\/wp\/v2\/comments?post=63206"}],"version-history":[{"count":1,"href":"https:\/\/www.blogdotarugao.com.br\/v1\/wp-json\/wp\/v2\/posts\/63206\/revisions"}],"predecessor-version":[{"id":63208,"href":"https:\/\/www.blogdotarugao.com.br\/v1\/wp-json\/wp\/v2\/posts\/63206\/revisions\/63208"}],"wp:attachment":[{"href":"https:\/\/www.blogdotarugao.com.br\/v1\/wp-json\/wp\/v2\/media?parent=63206"}],"wp:term":[{"taxonomy":"category","embeddable":true,"href":"https:\/\/www.blogdotarugao.com.br\/v1\/wp-json\/wp\/v2\/categories?post=63206"},{"taxonomy":"post_tag","embeddable":true,"href":"https:\/\/www.blogdotarugao.com.br\/v1\/wp-json\/wp\/v2\/tags?post=63206"}],"curies":[{"name":"wp","href":"https:\/\/api.w.org\/{rel}","templated":true}]}}