{"id":63255,"date":"2016-06-22T18:17:07","date_gmt":"2016-06-22T21:17:07","guid":{"rendered":"http:\/\/www.blogdotarugao.com.br\/v1\/?p=63255"},"modified":"2016-06-22T18:17:07","modified_gmt":"2016-06-22T21:17:07","slug":"apos-demitir-223-funcionarios-por-causa-da-crise-empresario-se-suicida-na-propria-fabrica","status":"publish","type":"post","link":"https:\/\/www.blogdotarugao.com.br\/v1\/2016\/06\/22\/apos-demitir-223-funcionarios-por-causa-da-crise-empresario-se-suicida-na-propria-fabrica\/","title":{"rendered":"Ap\u00f3s demitir 223 funcion\u00e1rios por causa da crise, empres\u00e1rio se suicida na pr\u00f3pria f\u00e1brica"},"content":{"rendered":"<h3 style=\"text-align: justify;\"><strong><img loading=\"lazy\" class=\"  wp-image-63256 alignleft\" src=\"http:\/\/www.blogdotarugao.com.br\/v1\/wp-content\/uploads\/2016\/06\/SC.jpg\" alt=\"SC\" width=\"584\" height=\"370\" srcset=\"https:\/\/www.blogdotarugao.com.br\/v1\/wp-content\/uploads\/2016\/06\/SC.jpg 525w, https:\/\/www.blogdotarugao.com.br\/v1\/wp-content\/uploads\/2016\/06\/SC-300x190.jpg 300w\" sizes=\"(max-width: 584px) 100vw, 584px\" \/>Corpo estava com uma corda no pesco\u00e7o na f\u00e1brica em Rio Claro (SP). Caso foi registrado pela Pol\u00edcia Civil nesta ter\u00e7a-feira (21) como suic\u00eddio.<\/strong><\/h3>\n<h3 style=\"text-align: justify;\">O dono da empresa de sof\u00e1s de Rio Claro (SP) que na semana passada demitiu 223 funcion\u00e1rios por conta da crise e queda nas vendas foi encontrado morto na f\u00e1brica nesta ter\u00e7a-feira (21).<\/h3>\n<h3 style=\"text-align: justify;\"><\/h3>\n<h3 style=\"text-align: justify;\"><img loading=\"lazy\" class=\" alignleft\" src=\"http:\/\/i.imgur.com\/sJvgsgk.jpg\" alt=\"\" width=\"585\" height=\"392\" \/>Um funcion\u00e1rio que chegou para trabalhar por volta das 7h encontrou o empres\u00e1rio Lu\u00eds Ant\u00f4nio Scussolino (<strong>dir.<\/strong>), de 66 anos, sem vida. A Pol\u00edcia Civil registrou o caso como suic\u00eddio.<\/h3>\n<h3 style=\"text-align: justify;\">A Pol\u00edcia Militar foi acionada e, quando chegou ao local, encontrou o corpo da v\u00edtima com uma corda no pesco\u00e7o. A per\u00edcia t\u00e9cnica constatou que a causa da morte foi quebra do pesco\u00e7o. O corpo do empres\u00e1rio ser\u00e1 sepultado \u00e0s 10h30 desta quarta-feira (22) no Cemit\u00e9rio Parque das Palmeiras, em Rio Claro. Depois de mais de 20 anos, a cidade voltou a registrar uma demiss\u00e3o em massa. Na \u00faltima segunda-feira (13), a Luizzi Estofados demitiu 223 trabalhadores.<\/h3>\n<h3 style=\"text-align: justify;\"><span id=\"more-91921\"><\/span>A empresa informou que, apesar de enfrentar dificuldades por causa da queda nas vendas, manteve o emprego de 870 funcion\u00e1rios. A empresa afirmou ainda que apresentou uma proposta ao sindicato para evitar as demiss\u00f5es: redu\u00e7\u00e3o da jornada de trabalho e de 20% nos sal\u00e1rios, mas ela foi rejeitada pela maioria dos empregados. Disse tamb\u00e9m que est\u00e1 calculando o valor das rescis\u00f5es e se esfor\u00e7ando para pagar.<\/h3>\n<h3 style=\"text-align: justify;\"><img loading=\"lazy\" class=\" alignleft\" src=\"http:\/\/s2.glbimg.com\/JMLwAp2Fki38PFFM_lLyF8NDSXI=\/620x465\/s.glbimg.com\/jo\/g1\/f\/original\/2016\/06\/21\/empresa.jpg\" alt=\"Empresa demitiu 223 funcion\u00e1rios na semana passada em Rio Claro (Foto: Reprodu\u00e7\u00e3o)\" width=\"582\" height=\"436\" \/><\/h3>\n<h3 style=\"text-align: justify;\"><strong>Medo e transtornos<\/strong><\/h3>\n<h3 style=\"text-align: justify;\"><img loading=\"lazy\" class=\"alignleft\" src=\"http:\/\/s2.glbimg.com\/9BsmyC1xCpQJry6Jh0u7H4V4WDY=\/300x225\/s.glbimg.com\/jo\/g1\/f\/original\/2016\/06\/20\/trabalhadores.jpg\" alt=\"\" width=\"585\" height=\"441\" \/>Foram 8 anos trabalhando como tapeceiro. O dinheiro que ganhava ajudava a manter a fam\u00edlia e agora sem emprego Osmar Barbosa n\u00e3o sabe o que fazer. \u201cFiquei meio apavorado, n\u00e3o esperava\u201d, disse.<\/h3>\n<p><!--more--><\/p>\n<h3 style=\"text-align: justify;\">Nesta segunda-feira (20), os demitidos fizeram o exame m\u00e9dico. \u201cMinha mulher depende do meu sal\u00e1rio, tenho muitas contas para pagar, empr\u00e9stimo que fiz no banco. Agora s\u00f3 Deus sabe o que vou fazer\u201d, disse o operador de produ\u00e7\u00e3o Abdias Eust\u00e1quio da Silva. O medo \u00e9 que a empresa n\u00e3o pague tudo o que eles t\u00eam direito, por isso o Minist\u00e9rio do Trabalho est\u00e1 acompanhando o caso. O prazo pra acertar as contas com os funcion\u00e1rios \u00e9 de dez dias. \u201cSe a empresa n\u00e3o fizer o pagamento, existe a multa prevista no artigo 477 da CLT que \u00e9 o valor de um sal\u00e1rio nominal para cada empregado\u201d, explicou Fabio Cigagna, chefe da regional do Minist\u00e9rio do Trabalho de Rio Claro.<\/h3>\n<h3 style=\"text-align: justify;\"><strong>Queda na economia<\/strong><\/h3>\n<h3 style=\"text-align: justify;\">Uma demiss\u00e3o em massa n\u00e3o acontecia na cidade h\u00e1 mais de 20 anos. A \u00faltima foi em 1995. Na \u00e9poca, uma f\u00e1brica de carros Gurgel fechou e 1 mil trabalhadores foram mandados embora. Agora a situa\u00e7\u00e3o \u00e9 ainda mais complicada diante da crise econ\u00f4mica do pa\u00eds. O secretario de Economia e Finan\u00e7as, Japir Pimentel Porto, disse que esse tipo de situa\u00e7\u00e3o afeta toda a economia da cidade. \u201cA pessoa que n\u00e3o tem o rendimento deixa de consumir na cidade aquilo que ela consumia normalmente. Com isso, a prefeitura deixa de arrecadar porque todo consumo gera uma arrecada\u00e7\u00e3o em termos de taxas e impostos\u201d, disse. (<em>G1.SP<\/em>)<\/h3>\n<h3 style=\"text-align: justify;\"><img loading=\"lazy\" class=\" alignleft\" src=\"http:\/\/i.imgur.com\/3mxjGod.jpg\" alt=\"\" width=\"583\" height=\"345\" \/><\/h3>\n","protected":false},"excerpt":{"rendered":"<p>Corpo estava com uma corda no pesco\u00e7o na f\u00e1brica em Rio Claro (SP). Caso foi registrado pela Pol\u00edcia Civil nesta ter\u00e7a-feira (21) como suic\u00eddio. O dono da empresa de sof\u00e1s de Rio Claro (SP) que na semana passada demitiu 223 funcion\u00e1rios por conta da crise e queda nas vendas foi encontrado morto na f\u00e1brica nesta [&hellip;]<\/p>\n","protected":false},"author":2,"featured_media":0,"comment_status":"open","ping_status":"open","sticky":false,"template":"","format":"standard","meta":{"_links_to":"","_links_to_target":""},"categories":[1],"tags":[],"_links":{"self":[{"href":"https:\/\/www.blogdotarugao.com.br\/v1\/wp-json\/wp\/v2\/posts\/63255"}],"collection":[{"href":"https:\/\/www.blogdotarugao.com.br\/v1\/wp-json\/wp\/v2\/posts"}],"about":[{"href":"https:\/\/www.blogdotarugao.com.br\/v1\/wp-json\/wp\/v2\/types\/post"}],"author":[{"embeddable":true,"href":"https:\/\/www.blogdotarugao.com.br\/v1\/wp-json\/wp\/v2\/users\/2"}],"replies":[{"embeddable":true,"href":"https:\/\/www.blogdotarugao.com.br\/v1\/wp-json\/wp\/v2\/comments?post=63255"}],"version-history":[{"count":3,"href":"https:\/\/www.blogdotarugao.com.br\/v1\/wp-json\/wp\/v2\/posts\/63255\/revisions"}],"predecessor-version":[{"id":63259,"href":"https:\/\/www.blogdotarugao.com.br\/v1\/wp-json\/wp\/v2\/posts\/63255\/revisions\/63259"}],"wp:attachment":[{"href":"https:\/\/www.blogdotarugao.com.br\/v1\/wp-json\/wp\/v2\/media?parent=63255"}],"wp:term":[{"taxonomy":"category","embeddable":true,"href":"https:\/\/www.blogdotarugao.com.br\/v1\/wp-json\/wp\/v2\/categories?post=63255"},{"taxonomy":"post_tag","embeddable":true,"href":"https:\/\/www.blogdotarugao.com.br\/v1\/wp-json\/wp\/v2\/tags?post=63255"}],"curies":[{"name":"wp","href":"https:\/\/api.w.org\/{rel}","templated":true}]}}