{"id":63299,"date":"2016-06-23T09:40:00","date_gmt":"2016-06-23T12:40:00","guid":{"rendered":"http:\/\/www.blogdotarugao.com.br\/v1\/?p=63299"},"modified":"2016-06-23T09:40:00","modified_gmt":"2016-06-23T12:40:00","slug":"daniela-mercury-quer-que-malu-vercosa-engravide-ou-ela-ou-eu","status":"publish","type":"post","link":"https:\/\/www.blogdotarugao.com.br\/v1\/2016\/06\/23\/daniela-mercury-quer-que-malu-vercosa-engravide-ou-ela-ou-eu\/","title":{"rendered":"Daniela Mercury quer que Malu Ver\u00e7osa engravide: &#8220;ou ela ou eu&#8221;"},"content":{"rendered":"<p><img loading=\"lazy\" class=\" alignleft\" src=\"http:\/\/imagem.bocaonews.com.br\/fotos\/noticias\/147307\/mg\/001.jpg?time=1466682867\" alt=\"\" width=\"585\" height=\"439\" \/><\/p>\n<h3 style=\"text-align: justify;\">Se depender de Daniela Mercury, Malu Ver\u00e7osa vira mam\u00e3e em breve. Pelo menos esse foi sentimento externado pela esposa da jornalista baiana em entrevista ao site Ego no 27\u00b0 Pr\u00eamio da M\u00fasica Brasileira, na quarta-feira (22). Daniela disse que tem vontade de aumentar a fam\u00edlia e disse n\u00e3o descartar a possibilidade dela mesma ou de Malu engravidar. Recentemente o casal adotou uma menina de 18 anos.<\/h3>\n<h3 style=\"text-align: justify;\">S\u00e3o tr\u00eas as filhas adotadas:\u00a0 Marcia, 18 anos, Ana Alice, de 14 anos, e Ana Izabel, 6 anos. Daniela ainda tem outros dois filhos de seu primeiro casamento, Gabriel e Giovana.<\/h3>\n","protected":false},"excerpt":{"rendered":"<p>Se depender de Daniela Mercury, Malu Ver\u00e7osa vira mam\u00e3e em breve. Pelo menos esse foi sentimento externado pela esposa da jornalista baiana em entrevista ao site Ego no 27\u00b0 Pr\u00eamio da M\u00fasica Brasileira, na quarta-feira (22). Daniela disse que tem vontade de aumentar a fam\u00edlia e disse n\u00e3o descartar a possibilidade dela mesma ou de [&hellip;]<\/p>\n","protected":false},"author":2,"featured_media":0,"comment_status":"open","ping_status":"open","sticky":false,"template":"","format":"standard","meta":{"_links_to":"","_links_to_target":""},"categories":[1],"tags":[],"_links":{"self":[{"href":"https:\/\/www.blogdotarugao.com.br\/v1\/wp-json\/wp\/v2\/posts\/63299"}],"collection":[{"href":"https:\/\/www.blogdotarugao.com.br\/v1\/wp-json\/wp\/v2\/posts"}],"about":[{"href":"https:\/\/www.blogdotarugao.com.br\/v1\/wp-json\/wp\/v2\/types\/post"}],"author":[{"embeddable":true,"href":"https:\/\/www.blogdotarugao.com.br\/v1\/wp-json\/wp\/v2\/users\/2"}],"replies":[{"embeddable":true,"href":"https:\/\/www.blogdotarugao.com.br\/v1\/wp-json\/wp\/v2\/comments?post=63299"}],"version-history":[{"count":0,"href":"https:\/\/www.blogdotarugao.com.br\/v1\/wp-json\/wp\/v2\/posts\/63299\/revisions"}],"wp:attachment":[{"href":"https:\/\/www.blogdotarugao.com.br\/v1\/wp-json\/wp\/v2\/media?parent=63299"}],"wp:term":[{"taxonomy":"category","embeddable":true,"href":"https:\/\/www.blogdotarugao.com.br\/v1\/wp-json\/wp\/v2\/categories?post=63299"},{"taxonomy":"post_tag","embeddable":true,"href":"https:\/\/www.blogdotarugao.com.br\/v1\/wp-json\/wp\/v2\/tags?post=63299"}],"curies":[{"name":"wp","href":"https:\/\/api.w.org\/{rel}","templated":true}]}}