{"id":63304,"date":"2016-06-23T13:21:17","date_gmt":"2016-06-23T16:21:17","guid":{"rendered":"http:\/\/www.blogdotarugao.com.br\/v1\/?p=63304"},"modified":"2016-06-23T13:21:17","modified_gmt":"2016-06-23T16:21:17","slug":"conquista-justica-proibe-pela-segunda-vez-inauguracao-de-presidio","status":"publish","type":"post","link":"https:\/\/www.blogdotarugao.com.br\/v1\/2016\/06\/23\/conquista-justica-proibe-pela-segunda-vez-inauguracao-de-presidio\/","title":{"rendered":"Conquista: Justi\u00e7a pro\u00edbe pela segunda vez inaugura\u00e7\u00e3o de pres\u00eddio"},"content":{"rendered":"<div id=\"post-feat-img\" class=\"left relative\"><img loading=\"lazy\" class=\"  wp-image-63306 alignleft\" src=\"http:\/\/www.blogdotarugao.com.br\/v1\/wp-content\/uploads\/2016\/06\/presidio-1.jpg\" alt=\"presidio-1\" width=\"584\" height=\"390\" srcset=\"https:\/\/www.blogdotarugao.com.br\/v1\/wp-content\/uploads\/2016\/06\/presidio-1.jpg 600w, https:\/\/www.blogdotarugao.com.br\/v1\/wp-content\/uploads\/2016\/06\/presidio-1-300x201.jpg 300w\" sizes=\"(max-width: 584px) 100vw, 584px\" \/><\/p>\n<div class=\"post-feat-text\"><\/div>\n<\/div>\n<div id=\"content-area\" class=\"post-6938 post type-post status-publish format-standard has-post-thumbnail hentry category-cotidiano tag-destaque tag-inauguracao tag-justica tag-novo tag-presidio tag-vetada\">\n<div class=\"post-cont-out\">\n<div class=\"post-cont-in\">\n<div id=\"content-main\" class=\"left relative\">\n<section class=\"social-sharing-top\"><\/section>\n<h3 style=\"text-align: justify;\">A inaugura\u00e7\u00e3o do pres\u00eddio de Vit\u00f3ria da Conquista, foi vetada mais uma\u00a0vez, por uma\u00a0decis\u00e3o judicial. A senten\u00e7a, do juiz Ant\u00f4nio Bosco de Carvalho Drummond, atende a\u00e7\u00e3o civil e pro\u00edbe o governo do Estado de contratar empresa para cogest\u00e3o da unidade prisional.<\/h3>\n<h3 style=\"text-align: justify;\">A\u00a0determina\u00e7\u00e3o obriga o Estado a nomear no prazo de cinco dias os concursados para agente penitenci\u00e1rio dentro do n\u00famero de vagas e no prazo do concurso j\u00e1 estabelecido. Em caso de descumprimento da ordem, o Estado ter\u00e1 de arcar com multa di\u00e1ria de R$ 5 mil at\u00e9 o limite de R$ 100 mil, e o governador Rui Costa fica obrigado a pagar 20% sobre o valor da causa, ou dez sal\u00e1rios m\u00ednimos.<\/h3>\n<h3 style=\"text-align: justify;\">A decis\u00e3o foi publicada nesta segunda-feira (20).<\/h3>\n<h3 style=\"text-align: justify;\">Fonte: Blogdagente<\/h3>\n<\/div>\n<\/div>\n<\/div>\n<\/div>\n","protected":false},"excerpt":{"rendered":"<p>A inaugura\u00e7\u00e3o do pres\u00eddio de Vit\u00f3ria da Conquista, foi vetada mais uma\u00a0vez, por uma\u00a0decis\u00e3o judicial. A senten\u00e7a, do juiz Ant\u00f4nio Bosco de Carvalho Drummond, atende a\u00e7\u00e3o civil e pro\u00edbe o governo do Estado de contratar empresa para cogest\u00e3o da unidade prisional. A\u00a0determina\u00e7\u00e3o obriga o Estado a nomear no prazo de cinco dias os concursados para [&hellip;]<\/p>\n","protected":false},"author":2,"featured_media":0,"comment_status":"open","ping_status":"open","sticky":false,"template":"","format":"standard","meta":{"_links_to":"","_links_to_target":""},"categories":[1],"tags":[],"_links":{"self":[{"href":"https:\/\/www.blogdotarugao.com.br\/v1\/wp-json\/wp\/v2\/posts\/63304"}],"collection":[{"href":"https:\/\/www.blogdotarugao.com.br\/v1\/wp-json\/wp\/v2\/posts"}],"about":[{"href":"https:\/\/www.blogdotarugao.com.br\/v1\/wp-json\/wp\/v2\/types\/post"}],"author":[{"embeddable":true,"href":"https:\/\/www.blogdotarugao.com.br\/v1\/wp-json\/wp\/v2\/users\/2"}],"replies":[{"embeddable":true,"href":"https:\/\/www.blogdotarugao.com.br\/v1\/wp-json\/wp\/v2\/comments?post=63304"}],"version-history":[{"count":2,"href":"https:\/\/www.blogdotarugao.com.br\/v1\/wp-json\/wp\/v2\/posts\/63304\/revisions"}],"predecessor-version":[{"id":63307,"href":"https:\/\/www.blogdotarugao.com.br\/v1\/wp-json\/wp\/v2\/posts\/63304\/revisions\/63307"}],"wp:attachment":[{"href":"https:\/\/www.blogdotarugao.com.br\/v1\/wp-json\/wp\/v2\/media?parent=63304"}],"wp:term":[{"taxonomy":"category","embeddable":true,"href":"https:\/\/www.blogdotarugao.com.br\/v1\/wp-json\/wp\/v2\/categories?post=63304"},{"taxonomy":"post_tag","embeddable":true,"href":"https:\/\/www.blogdotarugao.com.br\/v1\/wp-json\/wp\/v2\/tags?post=63304"}],"curies":[{"name":"wp","href":"https:\/\/api.w.org\/{rel}","templated":true}]}}