{"id":63790,"date":"2016-06-28T22:13:33","date_gmt":"2016-06-29T01:13:33","guid":{"rendered":"http:\/\/www.blogdotarugao.com.br\/v1\/?p=63790"},"modified":"2016-06-28T22:13:33","modified_gmt":"2016-06-29T01:13:33","slug":"oh-do-cao-e-flagrado-sendo-arrastado-por-moto","status":"publish","type":"post","link":"https:\/\/www.blogdotarugao.com.br\/v1\/2016\/06\/28\/oh-do-cao-e-flagrado-sendo-arrastado-por-moto\/","title":{"rendered":"Oh d\u00f3! C\u00e3o \u00e9 flagrado sendo arrastado por moto"},"content":{"rendered":"<h3 style=\"text-align: justify;\"><img loading=\"lazy\" class=\"  wp-image-63791 alignleft\" src=\"http:\/\/www.blogdotarugao.com.br\/v1\/wp-content\/uploads\/2016\/06\/c\u00e3o-arrastado.jpg\" alt=\"c\u00e3o arrastado\" width=\"586\" height=\"251\" srcset=\"https:\/\/www.blogdotarugao.com.br\/v1\/wp-content\/uploads\/2016\/06\/c\u00e3o-arrastado.jpg 1370w, https:\/\/www.blogdotarugao.com.br\/v1\/wp-content\/uploads\/2016\/06\/c\u00e3o-arrastado-300x129.jpg 300w, https:\/\/www.blogdotarugao.com.br\/v1\/wp-content\/uploads\/2016\/06\/c\u00e3o-arrastado-1024x439.jpg 1024w\" sizes=\"(max-width: 586px) 100vw, 586px\" \/>Fotos de um c\u00e3o amarrado e arrastado por uma moto foram divulgadas na internet e geraram revolta em Mat\u00e3o, no interior de S\u00e3o Paulo. O animal era puxado por uma corda no centro da cidade, segundo testemunhas, ap\u00f3s n\u00e3o suportar mais acompanhar o motociclista.<\/h3>\n<h3 style=\"text-align: justify;\">O caso foi registrado no domingo, 26, e na tarde desta segunda-feira, 27, a Pol\u00edcia Civil come\u00e7ou a ouvir os envolvidos. Uma mulher, respons\u00e1vel pelas imagens, contou ter visto o animal sendo arrastado pela motocicleta e que alertou o motociclista, que em um primeiro momento n\u00e3o se preocupou com a quest\u00e3o, vindo a parar o ve\u00edculo somente um pouco \u00e0 frente.<\/h3>\n<p><!--more--><\/p>\n<h3 style=\"text-align: justify;\">Com a placa da moto, a pol\u00edcia conseguiu localizar o dono do animal. O delegado Alfredo Gagliano J\u00fanior disse que \u00e9 apurado o crime de maus tratos e que a pena pode chegar a um ano de pris\u00e3o.<\/h3>\n<h3 style=\"text-align: justify;\">J\u00e1 o acusado alega que o cachorro tinha fugido e que o carregava na garupa da moto, n\u00e3o tendo visto quando caiu. Um veterin\u00e1rio examinou o c\u00e3o, que teve ferimentos leves. Com informa\u00e7\u00f5es do Estad\u00e3o Conte\u00fado.<\/h3>\n","protected":false},"excerpt":{"rendered":"<p>Fotos de um c\u00e3o amarrado e arrastado por uma moto foram divulgadas na internet e geraram revolta em Mat\u00e3o, no interior de S\u00e3o Paulo. O animal era puxado por uma corda no centro da cidade, segundo testemunhas, ap\u00f3s n\u00e3o suportar mais acompanhar o motociclista. O caso foi registrado no domingo, 26, e na tarde desta [&hellip;]<\/p>\n","protected":false},"author":2,"featured_media":0,"comment_status":"open","ping_status":"open","sticky":false,"template":"","format":"standard","meta":{"_links_to":"","_links_to_target":""},"categories":[1],"tags":[],"_links":{"self":[{"href":"https:\/\/www.blogdotarugao.com.br\/v1\/wp-json\/wp\/v2\/posts\/63790"}],"collection":[{"href":"https:\/\/www.blogdotarugao.com.br\/v1\/wp-json\/wp\/v2\/posts"}],"about":[{"href":"https:\/\/www.blogdotarugao.com.br\/v1\/wp-json\/wp\/v2\/types\/post"}],"author":[{"embeddable":true,"href":"https:\/\/www.blogdotarugao.com.br\/v1\/wp-json\/wp\/v2\/users\/2"}],"replies":[{"embeddable":true,"href":"https:\/\/www.blogdotarugao.com.br\/v1\/wp-json\/wp\/v2\/comments?post=63790"}],"version-history":[{"count":1,"href":"https:\/\/www.blogdotarugao.com.br\/v1\/wp-json\/wp\/v2\/posts\/63790\/revisions"}],"predecessor-version":[{"id":63792,"href":"https:\/\/www.blogdotarugao.com.br\/v1\/wp-json\/wp\/v2\/posts\/63790\/revisions\/63792"}],"wp:attachment":[{"href":"https:\/\/www.blogdotarugao.com.br\/v1\/wp-json\/wp\/v2\/media?parent=63790"}],"wp:term":[{"taxonomy":"category","embeddable":true,"href":"https:\/\/www.blogdotarugao.com.br\/v1\/wp-json\/wp\/v2\/categories?post=63790"},{"taxonomy":"post_tag","embeddable":true,"href":"https:\/\/www.blogdotarugao.com.br\/v1\/wp-json\/wp\/v2\/tags?post=63790"}],"curies":[{"name":"wp","href":"https:\/\/api.w.org\/{rel}","templated":true}]}}