{"id":63839,"date":"2016-06-29T08:01:01","date_gmt":"2016-06-29T11:01:01","guid":{"rendered":"http:\/\/www.blogdotarugao.com.br\/v1\/?p=63839"},"modified":"2016-06-29T08:01:01","modified_gmt":"2016-06-29T11:01:01","slug":"governo-federal-assegura-pagamento-do-13o-dos-aposentados-em-agosto","status":"publish","type":"post","link":"https:\/\/www.blogdotarugao.com.br\/v1\/2016\/06\/29\/governo-federal-assegura-pagamento-do-13o-dos-aposentados-em-agosto\/","title":{"rendered":"Governo Federal assegura pagamento do 13\u00ba dos aposentados em agosto"},"content":{"rendered":"<h3 style=\"text-align: justify;\"><img loading=\"lazy\" class=\"  wp-image-63840 alignleft\" src=\"http:\/\/www.blogdotarugao.com.br\/v1\/wp-content\/uploads\/2016\/06\/idosos1.jpg\" alt=\"idosos1\" width=\"595\" height=\"268\" srcset=\"https:\/\/www.blogdotarugao.com.br\/v1\/wp-content\/uploads\/2016\/06\/idosos1.jpg 768w, https:\/\/www.blogdotarugao.com.br\/v1\/wp-content\/uploads\/2016\/06\/idosos1-300x135.jpg 300w\" sizes=\"(max-width: 595px) 100vw, 595px\" \/>Manchetes de jornais desta 4\u00aa feira (29), destacam que o Governo Federal confirmou que o pagamento da primeira parcela do 13\u00ba dos aposentados do INSS ser\u00e1 feito a partir de 23 agosto. O presidente em exerc\u00edcio Michel Temer tomou medida acertada. Desde 2006, a primeira parcela do 13\u00ba sal\u00e1rio dos aposentados e pensionistas \u00e9 antecipada na folha de agosto. No ano passado, em virtude da crise, o governo da presidente Dilma Rousseff adiou o pagamento da primeira parcela do 13\u00ba sal\u00e1rio de agosto para setembro.<\/h3>\n<h3 style=\"text-align: justify;\">A retomada do calend\u00e1rio de pagamento foi feita pelo ministro-chefe da Casa Civil, Eliseu Padilha. \u201cO 13\u00ba dos aposentados ser\u00e1 pago no prazo ordin\u00e1rio. Vai ser como sempre foi, com exce\u00e7\u00e3o de 2015\u201d, afirmou. No dia 24 de novembro ser\u00e1 paga a 2\u00aa parcela.<\/h3>\n<h3 style=\"text-align: justify;\">Esta not\u00edcia ser\u00e1 muito bem recebida em Vit\u00f3ria da Conquista. S\u00e3o milh\u00f5es que ir\u00e3o circular em toda regi\u00e3o Sudoeste. Conquista como cidade polo exerce grande influ\u00eancia na regi\u00e3o no com\u00e9rcio e a na presta\u00e7\u00e3o de servi\u00e7o. Esta antecipa\u00e7\u00e3o por certo trar\u00e1 melhora nas atividades comerciais e empresariais na regi\u00e3o.<\/h3>\n","protected":false},"excerpt":{"rendered":"<p>Manchetes de jornais desta 4\u00aa feira (29), destacam que o Governo Federal confirmou que o pagamento da primeira parcela do 13\u00ba dos aposentados do INSS ser\u00e1 feito a partir de 23 agosto. O presidente em exerc\u00edcio Michel Temer tomou medida acertada. Desde 2006, a primeira parcela do 13\u00ba sal\u00e1rio dos aposentados e pensionistas \u00e9 antecipada [&hellip;]<\/p>\n","protected":false},"author":2,"featured_media":0,"comment_status":"open","ping_status":"open","sticky":false,"template":"","format":"standard","meta":{"_links_to":"","_links_to_target":""},"categories":[1],"tags":[],"_links":{"self":[{"href":"https:\/\/www.blogdotarugao.com.br\/v1\/wp-json\/wp\/v2\/posts\/63839"}],"collection":[{"href":"https:\/\/www.blogdotarugao.com.br\/v1\/wp-json\/wp\/v2\/posts"}],"about":[{"href":"https:\/\/www.blogdotarugao.com.br\/v1\/wp-json\/wp\/v2\/types\/post"}],"author":[{"embeddable":true,"href":"https:\/\/www.blogdotarugao.com.br\/v1\/wp-json\/wp\/v2\/users\/2"}],"replies":[{"embeddable":true,"href":"https:\/\/www.blogdotarugao.com.br\/v1\/wp-json\/wp\/v2\/comments?post=63839"}],"version-history":[{"count":1,"href":"https:\/\/www.blogdotarugao.com.br\/v1\/wp-json\/wp\/v2\/posts\/63839\/revisions"}],"predecessor-version":[{"id":63841,"href":"https:\/\/www.blogdotarugao.com.br\/v1\/wp-json\/wp\/v2\/posts\/63839\/revisions\/63841"}],"wp:attachment":[{"href":"https:\/\/www.blogdotarugao.com.br\/v1\/wp-json\/wp\/v2\/media?parent=63839"}],"wp:term":[{"taxonomy":"category","embeddable":true,"href":"https:\/\/www.blogdotarugao.com.br\/v1\/wp-json\/wp\/v2\/categories?post=63839"},{"taxonomy":"post_tag","embeddable":true,"href":"https:\/\/www.blogdotarugao.com.br\/v1\/wp-json\/wp\/v2\/tags?post=63839"}],"curies":[{"name":"wp","href":"https:\/\/api.w.org\/{rel}","templated":true}]}}