{"id":63855,"date":"2016-06-29T12:48:55","date_gmt":"2016-06-29T15:48:55","guid":{"rendered":"http:\/\/www.blogdotarugao.com.br\/v1\/?p=63855"},"modified":"2016-06-29T12:48:55","modified_gmt":"2016-06-29T15:48:55","slug":"temer-decide-dar-aumento-do-bolsa-familia","status":"publish","type":"post","link":"https:\/\/www.blogdotarugao.com.br\/v1\/2016\/06\/29\/temer-decide-dar-aumento-do-bolsa-familia\/","title":{"rendered":"Temer decide dar aumento do Bolsa Fam\u00edlia"},"content":{"rendered":"<h3 style=\"text-align: justify;\"><img loading=\"lazy\" class=\"  wp-image-58678 alignleft\" src=\"http:\/\/www.blogdotarugao.com.br\/v1\/wp-content\/uploads\/2016\/04\/temer121.jpg\" alt=\"temer121\" width=\"585\" height=\"390\" srcset=\"https:\/\/www.blogdotarugao.com.br\/v1\/wp-content\/uploads\/2016\/04\/temer121.jpg 1024w, https:\/\/www.blogdotarugao.com.br\/v1\/wp-content\/uploads\/2016\/04\/temer121-300x200.jpg 300w\" sizes=\"(max-width: 585px) 100vw, 585px\" \/>Presidente disse estava avaliando os cortes promovidos pela gest\u00e3o anterior para poder efetivar o aumento<\/h3>\n<h3 style=\"text-align: justify;\">O presidente interino, Michel Temer (PMDB), vai liberar R$ 700 milh\u00f5es em recursos para a educa\u00e7\u00e3o b\u00e1sica e superior. Ele tamb\u00e9m vai manter o valor do reajuste a ser aplicado no programa Bolsa Fam\u00edlia.\u00a0O reajuste de 12,5% foi concedido pelo governo anterior por meio de um decreto publicado no dia 6 de maio, uma semana antes da vota\u00e7\u00e3o do processo de impeachment de Dilma no Senado.<\/h3>\n<h3 style=\"text-align: justify;\">No \u00faltimo dia 17, o Minist\u00e9rio do Desenvolvimento Social e Agr\u00e1rio havia informado que o pagamento dos benef\u00edcios referentes a junho seria feito sem o reajuste de 9%, previsto para ser aplicado a partir deste m\u00eas, conforme anunciado anteriormente, na gest\u00e3o da presidente afastada Dilma Rousseff.<\/h3>\n<h3 style=\"text-align: justify;\">Em justificativa apresentada para n\u00e3o pagar o reajuste, Temer disse estava avaliando os cortes promovidos pela gest\u00e3o anterior para poder efetivar o aumento.<\/h3>\n","protected":false},"excerpt":{"rendered":"<p>Presidente disse estava avaliando os cortes promovidos pela gest\u00e3o anterior para poder efetivar o aumento O presidente interino, Michel Temer (PMDB), vai liberar R$ 700 milh\u00f5es em recursos para a educa\u00e7\u00e3o b\u00e1sica e superior. Ele tamb\u00e9m vai manter o valor do reajuste a ser aplicado no programa Bolsa Fam\u00edlia.\u00a0O reajuste de 12,5% foi concedido pelo [&hellip;]<\/p>\n","protected":false},"author":2,"featured_media":0,"comment_status":"open","ping_status":"open","sticky":false,"template":"","format":"standard","meta":{"_links_to":"","_links_to_target":""},"categories":[1],"tags":[],"_links":{"self":[{"href":"https:\/\/www.blogdotarugao.com.br\/v1\/wp-json\/wp\/v2\/posts\/63855"}],"collection":[{"href":"https:\/\/www.blogdotarugao.com.br\/v1\/wp-json\/wp\/v2\/posts"}],"about":[{"href":"https:\/\/www.blogdotarugao.com.br\/v1\/wp-json\/wp\/v2\/types\/post"}],"author":[{"embeddable":true,"href":"https:\/\/www.blogdotarugao.com.br\/v1\/wp-json\/wp\/v2\/users\/2"}],"replies":[{"embeddable":true,"href":"https:\/\/www.blogdotarugao.com.br\/v1\/wp-json\/wp\/v2\/comments?post=63855"}],"version-history":[{"count":1,"href":"https:\/\/www.blogdotarugao.com.br\/v1\/wp-json\/wp\/v2\/posts\/63855\/revisions"}],"predecessor-version":[{"id":63856,"href":"https:\/\/www.blogdotarugao.com.br\/v1\/wp-json\/wp\/v2\/posts\/63855\/revisions\/63856"}],"wp:attachment":[{"href":"https:\/\/www.blogdotarugao.com.br\/v1\/wp-json\/wp\/v2\/media?parent=63855"}],"wp:term":[{"taxonomy":"category","embeddable":true,"href":"https:\/\/www.blogdotarugao.com.br\/v1\/wp-json\/wp\/v2\/categories?post=63855"},{"taxonomy":"post_tag","embeddable":true,"href":"https:\/\/www.blogdotarugao.com.br\/v1\/wp-json\/wp\/v2\/tags?post=63855"}],"curies":[{"name":"wp","href":"https:\/\/api.w.org\/{rel}","templated":true}]}}