{"id":63861,"date":"2016-06-29T13:17:09","date_gmt":"2016-06-29T16:17:09","guid":{"rendered":"http:\/\/www.blogdotarugao.com.br\/v1\/?p=63861"},"modified":"2016-06-29T13:17:09","modified_gmt":"2016-06-29T16:17:09","slug":"desemprego-atinge-114-milhoes-de-brasileiros-e-o-maior-numero-desde-2012","status":"publish","type":"post","link":"https:\/\/www.blogdotarugao.com.br\/v1\/2016\/06\/29\/desemprego-atinge-114-milhoes-de-brasileiros-e-o-maior-numero-desde-2012\/","title":{"rendered":"Desemprego atinge 11,4 milh\u00f5es de brasileiros; \u00e9 o maior n\u00famero desde 2012"},"content":{"rendered":"<h3 style=\"text-align: justify;\"><img loading=\"lazy\" class=\"  wp-image-56894 alignleft\" src=\"http:\/\/www.blogdotarugao.com.br\/v1\/wp-content\/uploads\/2016\/04\/carteira-de-Trabalho12.jpg\" alt=\"carteira de Trabalho12\" width=\"584\" height=\"439\" srcset=\"https:\/\/www.blogdotarugao.com.br\/v1\/wp-content\/uploads\/2016\/04\/carteira-de-Trabalho12.jpg 500w, https:\/\/www.blogdotarugao.com.br\/v1\/wp-content\/uploads\/2016\/04\/carteira-de-Trabalho12-300x226.jpg 300w\" sizes=\"(max-width: 584px) 100vw, 584px\" \/>A taxa de desemprego no pa\u00eds, medida pela Pesquisa Nacional por Amostra de Domic\u00edlios (Pnad) Cont\u00ednua, ficou em 11,2% no trimestre encerrado em maio deste ano. Ela \u00e9 superior aos 10,2% de fevereiro e aos 8,1% do trimestre encerrado em maio de 2015, de acordo com o Instituto Brasileiro de Geografia e Estat\u00edstica (IBGE).<\/h3>\n<h3 style=\"text-align: justify;\">O resultado, o mesmo do trimestre encerrado em abril deste ano, \u00e9 o mais alto da s\u00e9rie hist\u00f3rica, iniciada em mar\u00e7o de 2012.<\/h3>\n<h3 style=\"text-align: justify;\">Segundo a pesquisa, a popula\u00e7\u00e3o desocupada chegou a 11,4 milh\u00f5es de pessoas, 10,3% (ou 1,1 milh\u00e3o de pessoas) a mais do que o trimestre encerrado em fevereiro e 40,3% (ou 3,3 milh\u00f5es de pessoas) a mais do que no trimestre encerrado em maio de 2015.<\/h3>\n<h3 style=\"text-align: justify;\">A popula\u00e7\u00e3o ocupada (90,8 milh\u00f5es de pessoas) manteve-se est\u00e1vel em rela\u00e7\u00e3o a fevereiro de 2016. J\u00e1 em rela\u00e7\u00e3o a maio de 2015, houve um recuo de 1,4%, ou seja, menos 1,2 milh\u00e3o de pessoas. J\u00e1 os empregos com carteira assinada no setor privado apresentaram quedas de 1,2% em rela\u00e7\u00e3o a fevereiro e de 4,2% na compara\u00e7\u00e3o com maio do ano passado.<\/h3>\n<h3 style=\"text-align: justify;\">Fonte: Ag\u00eancia Brasil<\/h3>\n","protected":false},"excerpt":{"rendered":"<p>A taxa de desemprego no pa\u00eds, medida pela Pesquisa Nacional por Amostra de Domic\u00edlios (Pnad) Cont\u00ednua, ficou em 11,2% no trimestre encerrado em maio deste ano. Ela \u00e9 superior aos 10,2% de fevereiro e aos 8,1% do trimestre encerrado em maio de 2015, de acordo com o Instituto Brasileiro de Geografia e Estat\u00edstica (IBGE). O [&hellip;]<\/p>\n","protected":false},"author":2,"featured_media":0,"comment_status":"open","ping_status":"open","sticky":false,"template":"","format":"standard","meta":{"_links_to":"","_links_to_target":""},"categories":[1],"tags":[],"_links":{"self":[{"href":"https:\/\/www.blogdotarugao.com.br\/v1\/wp-json\/wp\/v2\/posts\/63861"}],"collection":[{"href":"https:\/\/www.blogdotarugao.com.br\/v1\/wp-json\/wp\/v2\/posts"}],"about":[{"href":"https:\/\/www.blogdotarugao.com.br\/v1\/wp-json\/wp\/v2\/types\/post"}],"author":[{"embeddable":true,"href":"https:\/\/www.blogdotarugao.com.br\/v1\/wp-json\/wp\/v2\/users\/2"}],"replies":[{"embeddable":true,"href":"https:\/\/www.blogdotarugao.com.br\/v1\/wp-json\/wp\/v2\/comments?post=63861"}],"version-history":[{"count":2,"href":"https:\/\/www.blogdotarugao.com.br\/v1\/wp-json\/wp\/v2\/posts\/63861\/revisions"}],"predecessor-version":[{"id":63863,"href":"https:\/\/www.blogdotarugao.com.br\/v1\/wp-json\/wp\/v2\/posts\/63861\/revisions\/63863"}],"wp:attachment":[{"href":"https:\/\/www.blogdotarugao.com.br\/v1\/wp-json\/wp\/v2\/media?parent=63861"}],"wp:term":[{"taxonomy":"category","embeddable":true,"href":"https:\/\/www.blogdotarugao.com.br\/v1\/wp-json\/wp\/v2\/categories?post=63861"},{"taxonomy":"post_tag","embeddable":true,"href":"https:\/\/www.blogdotarugao.com.br\/v1\/wp-json\/wp\/v2\/tags?post=63861"}],"curies":[{"name":"wp","href":"https:\/\/api.w.org\/{rel}","templated":true}]}}