{"id":63892,"date":"2016-06-29T20:02:37","date_gmt":"2016-06-29T23:02:37","guid":{"rendered":"http:\/\/www.blogdotarugao.com.br\/v1\/?p=63892"},"modified":"2016-06-29T20:02:37","modified_gmt":"2016-06-29T23:02:37","slug":"dom-zanoni-recebera-do-papa-francisco-honraria-liturgica-o-palio","status":"publish","type":"post","link":"https:\/\/www.blogdotarugao.com.br\/v1\/2016\/06\/29\/dom-zanoni-recebera-do-papa-francisco-honraria-liturgica-o-palio\/","title":{"rendered":"Dom Zanoni receber\u00e1 do papa Francisco honraria lit\u00fargica, o P\u00e1lio"},"content":{"rendered":"<p><img loading=\"lazy\" class=\"  wp-image-63893 alignleft\" src=\"http:\/\/www.blogdotarugao.com.br\/v1\/wp-content\/uploads\/2016\/06\/Zanoni.jpg\" alt=\"Zanoni\" width=\"585\" height=\"351\" srcset=\"https:\/\/www.blogdotarugao.com.br\/v1\/wp-content\/uploads\/2016\/06\/Zanoni.jpg 500w, https:\/\/www.blogdotarugao.com.br\/v1\/wp-content\/uploads\/2016\/06\/Zanoni-300x180.jpg 300w\" sizes=\"(max-width: 585px) 100vw, 585px\" \/><\/p>\n<h3 style=\"text-align: justify;\">Nesta quarta-feira (29), o arcebispo metropolitano Dom Zanoni Demettino Castro recebe o P\u00e1lio, em Roma, do Papa Francisco. Dom Zanoni \u00e9 natural de Vit\u00f3ria da Conquista e foi nomeado arcebispo metropolitano de Feira de Santana em dezembro de 2015.<\/h3>\n<h3 style=\"text-align: justify;\">O P\u00e1lio \u00e9 uma estola, que representa uma ins\u00edgnia lit\u00fargica de honra e de jurisdi\u00e7\u00e3o que \u00e9 usado pelo Papa e pelos Arcebispos Metropolitanos nas suas Igrejas e naquelas das suas Prov\u00edncias Eclesi\u00e1sticas.<\/h3>\n<h3 style=\"text-align: justify;\">Os P\u00e1lios, depois de confeccionados, s\u00e3o colocados numa urna que \u00e9 depositada junto ao t\u00famulo de S\u00e3o Pedro at\u00e9 serem entregues pelo Papa aos arcebispos metropolitanos, durante celebra\u00e7\u00e3o da missa, na Solenidade de S\u00e3o Pedro e S\u00e3o Paulo. A estola \u00e9 constitu\u00edda por uma estreita faixa confeccionada em l\u00e3 branca e decorada com seis cruzes de seda preta.<\/h3>\n<h3 style=\"text-align: justify;\">A cerim\u00f4nia de entrega do P\u00e1lio ocorre na Bas\u00edlica Vaticana e ser\u00e1 transmitida pela TV Aparecida.<\/h3>\n<h3 style=\"text-align: justify;\">Fonte: Blog da Resenha Geral<\/h3>\n<h3 style=\"text-align: justify;\">Confira o convite:<\/h3>\n<p><iframe loading=\"lazy\" src=\"https:\/\/www.youtube.com\/embed\/7AbvdmzwJKo\" width=\"584\" height=\"396\" frameborder=\"0\" allowfullscreen=\"allowfullscreen\"><\/iframe><\/p>\n<p>&nbsp;<\/p>\n","protected":false},"excerpt":{"rendered":"<p>Nesta quarta-feira (29), o arcebispo metropolitano Dom Zanoni Demettino Castro recebe o P\u00e1lio, em Roma, do Papa Francisco. Dom Zanoni \u00e9 natural de Vit\u00f3ria da Conquista e foi nomeado arcebispo metropolitano de Feira de Santana em dezembro de 2015. O P\u00e1lio \u00e9 uma estola, que representa uma ins\u00edgnia lit\u00fargica de honra e de jurisdi\u00e7\u00e3o que [&hellip;]<\/p>\n","protected":false},"author":2,"featured_media":63895,"comment_status":"open","ping_status":"open","sticky":false,"template":"","format":"standard","meta":{"_links_to":"","_links_to_target":""},"categories":[1],"tags":[],"_links":{"self":[{"href":"https:\/\/www.blogdotarugao.com.br\/v1\/wp-json\/wp\/v2\/posts\/63892"}],"collection":[{"href":"https:\/\/www.blogdotarugao.com.br\/v1\/wp-json\/wp\/v2\/posts"}],"about":[{"href":"https:\/\/www.blogdotarugao.com.br\/v1\/wp-json\/wp\/v2\/types\/post"}],"author":[{"embeddable":true,"href":"https:\/\/www.blogdotarugao.com.br\/v1\/wp-json\/wp\/v2\/users\/2"}],"replies":[{"embeddable":true,"href":"https:\/\/www.blogdotarugao.com.br\/v1\/wp-json\/wp\/v2\/comments?post=63892"}],"version-history":[{"count":1,"href":"https:\/\/www.blogdotarugao.com.br\/v1\/wp-json\/wp\/v2\/posts\/63892\/revisions"}],"predecessor-version":[{"id":63894,"href":"https:\/\/www.blogdotarugao.com.br\/v1\/wp-json\/wp\/v2\/posts\/63892\/revisions\/63894"}],"wp:featuredmedia":[{"embeddable":true,"href":"https:\/\/www.blogdotarugao.com.br\/v1\/wp-json\/wp\/v2\/media\/63895"}],"wp:attachment":[{"href":"https:\/\/www.blogdotarugao.com.br\/v1\/wp-json\/wp\/v2\/media?parent=63892"}],"wp:term":[{"taxonomy":"category","embeddable":true,"href":"https:\/\/www.blogdotarugao.com.br\/v1\/wp-json\/wp\/v2\/categories?post=63892"},{"taxonomy":"post_tag","embeddable":true,"href":"https:\/\/www.blogdotarugao.com.br\/v1\/wp-json\/wp\/v2\/tags?post=63892"}],"curies":[{"name":"wp","href":"https:\/\/api.w.org\/{rel}","templated":true}]}}