{"id":63961,"date":"2016-06-30T17:03:34","date_gmt":"2016-06-30T20:03:34","guid":{"rendered":"http:\/\/www.blogdotarugao.com.br\/v1\/?p=63961"},"modified":"2016-06-30T17:03:34","modified_gmt":"2016-06-30T20:03:34","slug":"identificada-terceira-vitima-do-acidente-na-serra-do-marcal-estado-de-saude-da-jovem-e-estavel","status":"publish","type":"post","link":"https:\/\/www.blogdotarugao.com.br\/v1\/2016\/06\/30\/identificada-terceira-vitima-do-acidente-na-serra-do-marcal-estado-de-saude-da-jovem-e-estavel\/","title":{"rendered":"Identificada terceira v\u00edtima do acidente na Serra do Mar\u00e7al; estado de sa\u00fade da jovem \u00e9 est\u00e1vel"},"content":{"rendered":"<h3 style=\"text-align: justify;\"><img loading=\"lazy\" class=\"  wp-image-63962 alignleft\" src=\"http:\/\/www.blogdotarugao.com.br\/v1\/wp-content\/uploads\/2016\/06\/acidente-mar\u00e7al-1.jpg\" alt=\"acidente-mar\u00e7al-1\" width=\"583\" height=\"522\" srcset=\"https:\/\/www.blogdotarugao.com.br\/v1\/wp-content\/uploads\/2016\/06\/acidente-mar\u00e7al-1.jpg 499w, https:\/\/www.blogdotarugao.com.br\/v1\/wp-content\/uploads\/2016\/06\/acidente-mar\u00e7al-1-300x269.jpg 300w\" sizes=\"(max-width: 583px) 100vw, 583px\" \/>O estado de sa\u00fade Gleisa Moreira Costa, 24 anos, \u00e9 considerado est\u00e1vel. A jovem \u00e9 a terceira v\u00edtima do <a href=\"https:\/\/www.blogdagente.com.br\/duas-pessoas-morrem-e-outra-fica-ferida-em-acidente-na-serra-do-marcal\/\">acidente na Serra do Mar\u00e7al<\/a>, que matou duas pessoas, na tarde dessa quarta-feira (29).<\/h3>\n<h3 style=\"text-align: justify;\">Segundo informa\u00e7\u00f5es da Pol\u00edcia Rodovi\u00e1ria Estadual (PRE), o carro desceu uma ribanceira e foi parar dentro do Rio Verruga,\u00a0\u00a0depois que o motorista do ve\u00edculo perdeu o controle da dire\u00e7\u00e3o em uma curva.<\/h3>\n<h3 style=\"text-align: justify;\">Os estudantes de mestrado da Uesb, Daniela Santana Maia, 31, e Moabe Mattos Oliveira,24, morreram no local.<\/h3>\n<h3 style=\"text-align: justify;\">Ainda de acordo com a PRE, a causa da morte dos jovens foi uma precipita\u00e7\u00e3o na pista. Moabe, que dirigia o ve\u00edculo, poderia est\u00e1 dirigindo o carro em alta velocidade e perdeu o controle ao passar por um desn\u00edvel. O Carro capotou na BA 263, sentido Conquista, quando retornavam da\u00a0UESB, campus de Itapetinga.<\/h3>\n<h3 style=\"text-align: justify;\">Pessoas que estavam pr\u00f3ximo ao local ajudaram Gleisa a sair de dentro do ve\u00edculo. Ela pegava carona com os estudantes. A jovem foi socorrida pelo Servi\u00e7o de Atendimento M\u00f3vel de Urg\u00eancia (Samu) e encaminhada para o Hospital de Base.Fonte: Blog da Gente<\/h3>\n","protected":false},"excerpt":{"rendered":"<p>O estado de sa\u00fade Gleisa Moreira Costa, 24 anos, \u00e9 considerado est\u00e1vel. A jovem \u00e9 a terceira v\u00edtima do acidente na Serra do Mar\u00e7al, que matou duas pessoas, na tarde dessa quarta-feira (29). Segundo informa\u00e7\u00f5es da Pol\u00edcia Rodovi\u00e1ria Estadual (PRE), o carro desceu uma ribanceira e foi parar dentro do Rio Verruga,\u00a0\u00a0depois que o motorista [&hellip;]<\/p>\n","protected":false},"author":2,"featured_media":0,"comment_status":"open","ping_status":"open","sticky":false,"template":"","format":"standard","meta":{"_links_to":"","_links_to_target":""},"categories":[1],"tags":[],"_links":{"self":[{"href":"https:\/\/www.blogdotarugao.com.br\/v1\/wp-json\/wp\/v2\/posts\/63961"}],"collection":[{"href":"https:\/\/www.blogdotarugao.com.br\/v1\/wp-json\/wp\/v2\/posts"}],"about":[{"href":"https:\/\/www.blogdotarugao.com.br\/v1\/wp-json\/wp\/v2\/types\/post"}],"author":[{"embeddable":true,"href":"https:\/\/www.blogdotarugao.com.br\/v1\/wp-json\/wp\/v2\/users\/2"}],"replies":[{"embeddable":true,"href":"https:\/\/www.blogdotarugao.com.br\/v1\/wp-json\/wp\/v2\/comments?post=63961"}],"version-history":[{"count":1,"href":"https:\/\/www.blogdotarugao.com.br\/v1\/wp-json\/wp\/v2\/posts\/63961\/revisions"}],"predecessor-version":[{"id":63963,"href":"https:\/\/www.blogdotarugao.com.br\/v1\/wp-json\/wp\/v2\/posts\/63961\/revisions\/63963"}],"wp:attachment":[{"href":"https:\/\/www.blogdotarugao.com.br\/v1\/wp-json\/wp\/v2\/media?parent=63961"}],"wp:term":[{"taxonomy":"category","embeddable":true,"href":"https:\/\/www.blogdotarugao.com.br\/v1\/wp-json\/wp\/v2\/categories?post=63961"},{"taxonomy":"post_tag","embeddable":true,"href":"https:\/\/www.blogdotarugao.com.br\/v1\/wp-json\/wp\/v2\/tags?post=63961"}],"curies":[{"name":"wp","href":"https:\/\/api.w.org\/{rel}","templated":true}]}}