{"id":63977,"date":"2016-06-30T19:14:17","date_gmt":"2016-06-30T22:14:17","guid":{"rendered":"http:\/\/www.blogdotarugao.com.br\/v1\/?p=63977"},"modified":"2016-06-30T19:14:17","modified_gmt":"2016-06-30T22:14:17","slug":"itapetinga-vereador-tarugao-afasta-do-radio-para-concorrer-a-reeleicao","status":"publish","type":"post","link":"https:\/\/www.blogdotarugao.com.br\/v1\/2016\/06\/30\/itapetinga-vereador-tarugao-afasta-do-radio-para-concorrer-a-reeleicao\/","title":{"rendered":"ITAPETINGA: VEREADOR TARUG\u00c3O AFASTA DO R\u00c1DIO PARA CONCORRER \u00c0 REELEI\u00c7\u00c3O"},"content":{"rendered":"<h3 style=\"text-align: justify;\"><img loading=\"lazy\" class=\"  wp-image-63978 alignleft\" src=\"http:\/\/www.blogdotarugao.com.br\/v1\/wp-content\/uploads\/2016\/06\/Tarug\u00e3o-R\u00e1dio.jpg\" alt=\"Tarug\u00e3o R\u00e1dio\" width=\"585\" height=\"440\" srcset=\"https:\/\/www.blogdotarugao.com.br\/v1\/wp-content\/uploads\/2016\/06\/Tarug\u00e3o-R\u00e1dio.jpg 500w, https:\/\/www.blogdotarugao.com.br\/v1\/wp-content\/uploads\/2016\/06\/Tarug\u00e3o-R\u00e1dio-300x225.jpg 300w\" sizes=\"(max-width: 585px) 100vw, 585px\" \/>Por for\u00e7a da legisla\u00e7\u00e3o eleitoral, o vereador Eliomar Barreira (PMDB), o popular \u201cTarug\u00e3o\u201d, se afastou do seu programa jornal\u00edstico na r\u00e1dio Cidade FM, nesta quinta-feira (30).<\/h3>\n<h3 style=\"text-align: justify;\">Durante cerca de 3 anos o vereador peemedebista comandou seu programa no r\u00e1dio, com muita efici\u00eancia, atingindo \u00edndices altos de audi\u00eancia, em virtude de seu senso cr\u00edtico e coragem para denunciar irregularidades do poder p\u00fablico em Itapetinga e regi\u00e3o.<\/h3>\n<h3 style=\"text-align: justify;\">Al\u00e9m das cr\u00edticas e den\u00fancias, Tarug\u00e3o colocou os microfones do seu programa \u00e0 disposi\u00e7\u00e3o da popula\u00e7\u00e3o, prestando relevantes servi\u00e7os de utilidade p\u00fablica e solucionando quest\u00f5es relativas \u00e0 sa\u00fade, seguran\u00e7a, justi\u00e7a, e at\u00e9 quest\u00f5es problemas pessoais dos seus ouvintes.<\/h3>\n<h3 style=\"text-align: justify;\">No comando do programa, continuam Robertone, Pastor Joaquim e a rep\u00f3rter Gl\u00f3ria Maria, at\u00e9 o retorno do titular, ap\u00f3s a elei\u00e7\u00e3o.<\/h3>\n<h3 style=\"text-align: justify;\">Como vereador, Tarug\u00e3o \u00e9 atuante e deve ser reeleito em outubro, com grande vota\u00e7\u00e3o.<\/h3>\n<h3 style=\"text-align: justify;\"><strong><em>Por Davi Ferraz<\/em><\/strong><\/h3>\n<h3>SUDOESTE HOJE<\/h3>\n","protected":false},"excerpt":{"rendered":"<p>Por for\u00e7a da legisla\u00e7\u00e3o eleitoral, o vereador Eliomar Barreira (PMDB), o popular \u201cTarug\u00e3o\u201d, se afastou do seu programa jornal\u00edstico na r\u00e1dio Cidade FM, nesta quinta-feira (30). Durante cerca de 3 anos o vereador peemedebista comandou seu programa no r\u00e1dio, com muita efici\u00eancia, atingindo \u00edndices altos de audi\u00eancia, em virtude de seu senso cr\u00edtico e coragem [&hellip;]<\/p>\n","protected":false},"author":2,"featured_media":0,"comment_status":"open","ping_status":"open","sticky":false,"template":"","format":"standard","meta":{"_links_to":"","_links_to_target":""},"categories":[1],"tags":[],"_links":{"self":[{"href":"https:\/\/www.blogdotarugao.com.br\/v1\/wp-json\/wp\/v2\/posts\/63977"}],"collection":[{"href":"https:\/\/www.blogdotarugao.com.br\/v1\/wp-json\/wp\/v2\/posts"}],"about":[{"href":"https:\/\/www.blogdotarugao.com.br\/v1\/wp-json\/wp\/v2\/types\/post"}],"author":[{"embeddable":true,"href":"https:\/\/www.blogdotarugao.com.br\/v1\/wp-json\/wp\/v2\/users\/2"}],"replies":[{"embeddable":true,"href":"https:\/\/www.blogdotarugao.com.br\/v1\/wp-json\/wp\/v2\/comments?post=63977"}],"version-history":[{"count":1,"href":"https:\/\/www.blogdotarugao.com.br\/v1\/wp-json\/wp\/v2\/posts\/63977\/revisions"}],"predecessor-version":[{"id":63979,"href":"https:\/\/www.blogdotarugao.com.br\/v1\/wp-json\/wp\/v2\/posts\/63977\/revisions\/63979"}],"wp:attachment":[{"href":"https:\/\/www.blogdotarugao.com.br\/v1\/wp-json\/wp\/v2\/media?parent=63977"}],"wp:term":[{"taxonomy":"category","embeddable":true,"href":"https:\/\/www.blogdotarugao.com.br\/v1\/wp-json\/wp\/v2\/categories?post=63977"},{"taxonomy":"post_tag","embeddable":true,"href":"https:\/\/www.blogdotarugao.com.br\/v1\/wp-json\/wp\/v2\/tags?post=63977"}],"curies":[{"name":"wp","href":"https:\/\/api.w.org\/{rel}","templated":true}]}}