{"id":6449,"date":"2014-03-30T11:23:30","date_gmt":"2014-03-30T14:23:30","guid":{"rendered":"http:\/\/www.blogdotarugao.com.br\/v1\/?p=6449"},"modified":"2014-03-30T11:23:30","modified_gmt":"2014-03-30T14:23:30","slug":"ato-falho-de-neto-coloca-souto-em-1o-lugar-na-bolsa-de-aposta","status":"publish","type":"post","link":"https:\/\/www.blogdotarugao.com.br\/v1\/2014\/03\/30\/ato-falho-de-neto-coloca-souto-em-1o-lugar-na-bolsa-de-aposta\/","title":{"rendered":"Ato falho de Neto coloca Souto em 1\u00ba lugar na bolsa de aposta"},"content":{"rendered":"<p>Intranquilidade, ato falho, tanto faz. N\u00e3o importa. O episodio em que o prefeito ACM Neto chama Paulo Souto de governador vem levantando especula\u00e7\u00e3o de que ele j\u00e1 escolheu o candidato da oposi\u00e7\u00e3o, embora o an\u00fancio s\u00f3 seja feito entre quarta-feira e sexta dessa semana.<br \/>\n<img title=\"Boc\u00e3o News\" alt=\"\" src=\"http:\/\/www.bocaonews.com.br\/ckfinder\/userfiles\/fotos_e_imagens\/paulo-souto-geddel-vieira-lima-acm-neto-foto-bocaonews(1).jpg\" \/><br \/>\nNa \u00faltima sexta-feira \u00e0 noite, durante posse da nova diretoria da Ademi, Neto cravou: \u201cQuero cumprimentar o secret\u00e1rio James Correia, que aqui est\u00e1 representando o governador Paulo Souto&#8230;\u201d. Na mesma hora em que viu a derrapada \u2013 se \u00e9 que se pode chamar assim \u2013 ele fez a emenda, que ficou pior \u00a0do que o soneto. \u201cDesculpe, Eu estava agora numa reuni\u00e3o para a escolha do candidato [da oposi\u00e7\u00e3o] e fiquei com isso na cabe\u00e7a\u201d.<\/p>\n<p>Para bom entendedor, Chico quer dizer Francisco. Ou Neto optou por Paulo Souto ou gostaria do fundo da alma que Souto fosse o candidato. Entretanto, a escolha n\u00e3o \u00e9 simples. Ao optar por Souto, Neto pode ver o PMDB desembarcar de mala e cuia do t\u00e3o sohando projeto de unidade da oposi\u00e7\u00e3o para desbamcar o petismo na Bahia.<\/p>\n<p>O PMDB \u00e9 um partido grande, com n\u00famero razo\u00e1vel de prefeitos e de tempo na TV. Perder isso n\u00e3o ser\u00e1 coisa f\u00e1cil. Da\u00ed a demora para anunciar a chapa. Para ajudar o prefeito a escolher seu nome, o ex-ministro Geddel Vieira Lima (PMDB) andou procurando o deputado federal Antonio Imbassahy para convenc\u00ea-lo a ser candidato ao Senado na chapa da oposi\u00e7\u00e3o, j\u00e1 que Souto n\u00e3o toparia ir para Bras\u00edlia. Essa seria uma maneira do peemedebista ajudar Neto a montar a chapa, com ele a encabe\u00e7ando, claro.<\/p>\n<p>Apesar de essa informa\u00e7\u00e3o circular no meio pol\u00edtico desde a semana passada, Geddel n\u00e3o confirma e nem desmente. Tampouco Imbassahy. Certo apenas \u00e9 que essa novela ter\u00e1 seu cap\u00edtulo final at\u00e9 a sexta-feira (4).<\/p>\n","protected":false},"excerpt":{"rendered":"<p>Intranquilidade, ato falho, tanto faz. N\u00e3o importa. O episodio em que o prefeito ACM Neto chama Paulo Souto de governador vem levantando especula\u00e7\u00e3o de que ele j\u00e1 escolheu o candidato da oposi\u00e7\u00e3o, embora o an\u00fancio s\u00f3 seja feito entre quarta-feira e sexta dessa semana. Na \u00faltima sexta-feira \u00e0 noite, durante posse da nova diretoria da [&hellip;]<\/p>\n","protected":false},"author":2,"featured_media":0,"comment_status":"open","ping_status":"open","sticky":false,"template":"","format":"standard","meta":{"_links_to":"","_links_to_target":""},"categories":[7],"tags":[],"_links":{"self":[{"href":"https:\/\/www.blogdotarugao.com.br\/v1\/wp-json\/wp\/v2\/posts\/6449"}],"collection":[{"href":"https:\/\/www.blogdotarugao.com.br\/v1\/wp-json\/wp\/v2\/posts"}],"about":[{"href":"https:\/\/www.blogdotarugao.com.br\/v1\/wp-json\/wp\/v2\/types\/post"}],"author":[{"embeddable":true,"href":"https:\/\/www.blogdotarugao.com.br\/v1\/wp-json\/wp\/v2\/users\/2"}],"replies":[{"embeddable":true,"href":"https:\/\/www.blogdotarugao.com.br\/v1\/wp-json\/wp\/v2\/comments?post=6449"}],"version-history":[{"count":1,"href":"https:\/\/www.blogdotarugao.com.br\/v1\/wp-json\/wp\/v2\/posts\/6449\/revisions"}],"predecessor-version":[{"id":6450,"href":"https:\/\/www.blogdotarugao.com.br\/v1\/wp-json\/wp\/v2\/posts\/6449\/revisions\/6450"}],"wp:attachment":[{"href":"https:\/\/www.blogdotarugao.com.br\/v1\/wp-json\/wp\/v2\/media?parent=6449"}],"wp:term":[{"taxonomy":"category","embeddable":true,"href":"https:\/\/www.blogdotarugao.com.br\/v1\/wp-json\/wp\/v2\/categories?post=6449"},{"taxonomy":"post_tag","embeddable":true,"href":"https:\/\/www.blogdotarugao.com.br\/v1\/wp-json\/wp\/v2\/tags?post=6449"}],"curies":[{"name":"wp","href":"https:\/\/api.w.org\/{rel}","templated":true}]}}