{"id":6490,"date":"2014-03-31T08:57:50","date_gmt":"2014-03-31T11:57:50","guid":{"rendered":"http:\/\/www.blogdotarugao.com.br\/v1\/?p=6490"},"modified":"2014-03-31T08:57:50","modified_gmt":"2014-03-31T11:57:50","slug":"dilma-rousseff-minimizou-rebaixamento-do-brasil","status":"publish","type":"post","link":"https:\/\/www.blogdotarugao.com.br\/v1\/2014\/03\/31\/dilma-rousseff-minimizou-rebaixamento-do-brasil\/","title":{"rendered":"Dilma Rousseff minimizou rebaixamento do Brasil"},"content":{"rendered":"<p><img loading=\"lazy\" title=\"Foto: Gilberto J\u00fanior \/\/ Boc\u00e3o News\" alt=\"\" src=\"http:\/\/www.bocaonews.com.br\/ckfinder\/userfiles\/fotos_e_imagens\/POLITICA\/BRASIL\/PRESIDENTE-VICE-E-EX\/dilma_camacari_gilbertoJr-bocaonews_300112%20(3)(1).JPG\" width=\"560\" height=\"373\" \/><\/p>\n<p>Apesar do rebaixamento da nota do Brasil pela ag\u00eancia Standard &amp; Poor&#8217;s, o pa\u00eds tem compromisso com o controle da infla\u00e7\u00e3o e a diminui\u00e7\u00e3o da d\u00edvida p\u00fablica, disse hoje (29) a presidenta Dilma Rousseff. Em evento do Banco Interamericano de Desenvolvimento (BID), na Bahia, ela ressaltou que a economia do pa\u00eds continua com bons fundamentos, mas tem o desafio de melhorar os servi\u00e7os p\u00fablicos e aumentar a produtividade.<\/p>\n<p>Sem se referir diretamente \u00e0 decis\u00e3o da ag\u00eancia de classifica\u00e7\u00e3o de risco, Dilma declarou que os n\u00fameros mostram que a economia brasileira continua s\u00f3lida. \u201cN\u00e3o nos abalaremos com julgamentos apressados, com conclus\u00f5es precipitadas que a realidade desmentir\u00e1. Todos sabemos que, em economia, a realidade sempre se imp\u00f5e\u201d, disse.<\/p>\n<p>A presidenta lembrou que, nos \u00faltimos dez anos, a infla\u00e7\u00e3o tem ficado dentro da meta. Segundo ela, a d\u00edvida l\u00edquida do setor p\u00fablico, atualmente em 33,7% do Produto Interno Bruto (PIB), encerrar\u00e1 o ano em queda e o pa\u00eds tem reservas de quase US$ 380 bilh\u00f5es, que fornecem lastro para lidar com qualquer volatilidade internacional.<\/p>\n<p>Dilma destacou ainda que o pa\u00eds acumula investimentos estrangeiros diretos de US$ 65 bilh\u00f5es nos \u00faltimos 12 meses e que o programa de concess\u00f5es de rodovias, aeroportos e portos e os leil\u00f5es de energia el\u00e9trica, petr\u00f3leo e g\u00e1s trar\u00e3o investimentos de US$ 80 bilh\u00f5es para o Brasil nos pr\u00f3ximos cinco anos.<\/p>\n<p>\u201cEm alguns momentos, expectativas, especula\u00e7\u00f5es, avalia\u00e7\u00f5es e at\u00e9 mesmo interesses pol\u00edticos podem obscurecer a vis\u00e3o objetiva dos fatos. Para n\u00f3s, o que importa \u00e9 que continuaremos a agir para manter o pais no rumo certo, sem abdicar em nenhum momento do nosso compromisso fundamental com a solidez da economia e com a inclus\u00e3o e o desenvolvimento social e ambiental do pa\u00eds\u201d, acrescentou.<\/p>\n<p>Apesar de reiterar a confian\u00e7a na economia, a presidenta admitiu que o pa\u00eds tem novos desafios a enfrentar ap\u00f3s o aumento da renda na \u00faltima d\u00e9cada. Segundo ela, o principal desafio consiste em aumentar a produtividade e melhorar a infraestrutura, a educa\u00e7\u00e3o e a efici\u00eancia dos servi\u00e7os p\u00fablicos. \u201cTemos o desafio de acolher e atender \u00e0s reivindica\u00e7\u00f5es que surgiram na popula\u00e7\u00e3o. Criamos um imenso contingente de cidad\u00e3os com melhores condi\u00e7\u00f5es de vida e mais conscientes dos direitos\u201d, declarou.<\/p>\n<p>A presidenta comentou os desafios da economia brasileira na cerim\u00f4nia de abertura da 55\u00aa Reuni\u00e3o da Assembleia dos Governadores do BID, na Costa do Sau\u00edpe, na Bahia. No encontro, a ministra do Planejamento, Miriam Belchior, assumiu a presid\u00eancia da Assembleia de Governadores da institui\u00e7\u00e3o. Para Dilma, o apoio do banco de fomento \u00e9 importante para financiar investimentos sociais, projetos de infraestrutura e de integra\u00e7\u00e3o regional num momento de recupera\u00e7\u00e3o da economia internacional.<\/p>\n<p>O presidente do BID, Luis Alberto Moreno, disse que tanto o Brasil como a Am\u00e9rica Latina t\u00eam o desafio de conciliar crescimento com desenvolvimento social em meio a uma popula\u00e7\u00e3o cada vez mais exigente em rela\u00e7\u00e3o aos servi\u00e7os p\u00fablicos e \u00e0 educa\u00e7\u00e3o. Segundo ele, com menos recursos fluindo das economias avan\u00e7adas para os pa\u00edses em desenvolvimento, a Am\u00e9rica Latina e o Caribe podem crescer 3,5% ao ano, mas essa taxa, declarou, \u00e9 insuficiente para que a regi\u00e3o se beneficie das mudan\u00e7as tecnol\u00f3gicas globais.<\/p>\n<p>\u201cA discuss\u00e3o hoje n\u00e3o \u00e9 se chegaremos a esse destino [desenvolvimento social], mas como chegaremos num contexto global mais resistente. Os pa\u00edses desenvolvidos est\u00e3o se recuperando, mas os ventos internacionais agora est\u00e3o menos favor\u00e1veis\u201d, disse ele. Para o presidente do BID, a Am\u00e9rica Latina precisa de uma agenda que ataque as defici\u00eancias tecnol\u00f3gicas, educacionais, financeiras e ambientais.<\/p>\n","protected":false},"excerpt":{"rendered":"<p>Apesar do rebaixamento da nota do Brasil pela ag\u00eancia Standard &amp; Poor&#8217;s, o pa\u00eds tem compromisso com o controle da infla\u00e7\u00e3o e a diminui\u00e7\u00e3o da d\u00edvida p\u00fablica, disse hoje (29) a presidenta Dilma Rousseff. Em evento do Banco Interamericano de Desenvolvimento (BID), na Bahia, ela ressaltou que a economia do pa\u00eds continua com bons fundamentos, [&hellip;]<\/p>\n","protected":false},"author":2,"featured_media":0,"comment_status":"open","ping_status":"open","sticky":false,"template":"","format":"standard","meta":{"_links_to":"","_links_to_target":""},"categories":[7],"tags":[],"_links":{"self":[{"href":"https:\/\/www.blogdotarugao.com.br\/v1\/wp-json\/wp\/v2\/posts\/6490"}],"collection":[{"href":"https:\/\/www.blogdotarugao.com.br\/v1\/wp-json\/wp\/v2\/posts"}],"about":[{"href":"https:\/\/www.blogdotarugao.com.br\/v1\/wp-json\/wp\/v2\/types\/post"}],"author":[{"embeddable":true,"href":"https:\/\/www.blogdotarugao.com.br\/v1\/wp-json\/wp\/v2\/users\/2"}],"replies":[{"embeddable":true,"href":"https:\/\/www.blogdotarugao.com.br\/v1\/wp-json\/wp\/v2\/comments?post=6490"}],"version-history":[{"count":1,"href":"https:\/\/www.blogdotarugao.com.br\/v1\/wp-json\/wp\/v2\/posts\/6490\/revisions"}],"predecessor-version":[{"id":6491,"href":"https:\/\/www.blogdotarugao.com.br\/v1\/wp-json\/wp\/v2\/posts\/6490\/revisions\/6491"}],"wp:attachment":[{"href":"https:\/\/www.blogdotarugao.com.br\/v1\/wp-json\/wp\/v2\/media?parent=6490"}],"wp:term":[{"taxonomy":"category","embeddable":true,"href":"https:\/\/www.blogdotarugao.com.br\/v1\/wp-json\/wp\/v2\/categories?post=6490"},{"taxonomy":"post_tag","embeddable":true,"href":"https:\/\/www.blogdotarugao.com.br\/v1\/wp-json\/wp\/v2\/tags?post=6490"}],"curies":[{"name":"wp","href":"https:\/\/api.w.org\/{rel}","templated":true}]}}