{"id":6500,"date":"2014-03-31T16:00:57","date_gmt":"2014-03-31T19:00:57","guid":{"rendered":"http:\/\/www.blogdotarugao.com.br\/v1\/?p=6500"},"modified":"2014-03-31T16:27:01","modified_gmt":"2014-03-31T19:27:01","slug":"6500","status":"publish","type":"post","link":"https:\/\/www.blogdotarugao.com.br\/v1\/2014\/03\/31\/6500\/","title":{"rendered":"Bifurca\u00e7\u00e3o: cen\u00e1rio aponta para duas candidaturas de oposi\u00e7\u00e3o"},"content":{"rendered":"<p><img loading=\"lazy\" title=\"Foto: Roberto Viana \/\/ Boc\u00e3o News\" alt=\"\" src=\"http:\/\/www.bocaonews.com.br\/ckfinder\/userfiles\/fotos_e_imagens\/POLITICA\/BAHIA\/PREFEITOS-SSA-E-RMS\/geddel_paulosouto_robertoviana_bocaonews.jpg\" width=\"480\" height=\"320\" \/><\/p>\n<p>As candidaturas s\u00f3 deveriam ser anunciadas ap\u00f3s as confer\u00eancias partid\u00e1rias que acontecem entre o final de junho e o in\u00edcio de julho do ano eleitoral, contudo &#8211; como mais uma prova do descompasso das leis eleitorais \u2013 os campos pol\u00edticos j\u00e1 devem fechar as chapas nesta primeira quinzena de abril.<\/p>\n<p>A ansiedade maior est\u00e1 no campo da oposi\u00e7\u00e3o, onde o ex-governador Paulo Souto (DEM) e o ex-ministro da Integra\u00e7\u00e3o Nacional, Geddel Vieira Lima (PMDB) duelam pela indica\u00e7\u00e3o. Na \u00faltima semana algumas novidades movimentaram o cen\u00e1rio e os dados foram la\u00e7ados.<\/p>\n<p>Cabe ao prefeito de Salvador, ACM Neto anunciar o candidato que apoiar\u00e1, mas assim como no grupo do governador Jaques Wagner (PT), a corda est\u00e1 esticada e qualquer derrapada trar\u00e1 consequ\u00eancia. Sendo a principal delas a ruptura com os peemedebistas L\u00facio e Geddel Vieira Lima.<\/p>\n<p>O lan\u00e7amento de chapas separadas n\u00e3o chega a ser novidade. Aconteceu na elei\u00e7\u00e3o municipal. Neto saiu vitorioso e, em um cen\u00e1rio projetado dentro do pr\u00f3prio grupo pol\u00edtico, poucos s\u00e3o os que apostam que em caso de duas candidaturas Geddel termine \u00e0 frente de Paulo Souto.<\/p>\n<p>Muitas conversas reservadas entre as lideran\u00e7as est\u00e3o acontecendo durante todo o fim de semana. De oficial existe a posi\u00e7\u00e3o do PSDB que em reuni\u00e3o da Executiva Estadual retirou a sugest\u00e3o \u2013 n\u00e3o \u00e9 decis\u00e3o porque n\u00e3o h\u00e1 imposi\u00e7\u00e3o \u2013 de apoiar Paulo Souto. 11 dos 13 membros do colegiado ficaram com o ex-governador.<\/p>\n<p>O deputado federal Ant\u00f4nio Imbassahy e o presidente da C\u00e2mara Municipal de Salvador Paulo C\u00e2mara foram os \u00fanicos que se opuseram a este posicionamento. Os dois defenderam a tese de que era melhor n\u00e3o se optar por um dos lados neste momento. A decis\u00e3o cabe ao prefeito, que na conjuntura atual, foi al\u00e7ado \u00e0 condi\u00e7\u00e3o de coordenador do processo.<\/p>\n<p>Do lado peemedebista, o diret\u00f3rio e seus principais representantes, os irm\u00e3os Viera Lima, aguardam o cumprimento da \u201cpalavra\u201d dada l\u00e1 atr\u00e1s. L\u00e1 atr\u00e1s quando Souto recusou ser candidato, Neto teria confidenciado a Geddel que o ex-ministro seria o representante do grupo. Dias depois, o ex-governador desdisse e quis participar da disputa.<\/p>\n<p>Tirando as fontes do PMDB, todas as outras apostam que a situa\u00e7\u00e3o est\u00e1 resolvida e que Paulo Souto vem para a cabe\u00e7a da chapa e Jo\u00e3o Gualberto (PSDB) ser\u00e1 o vice. Falta apenas o ocupante da vaga para o Senado, sobre este n\u00e3o pairam d\u00favidas de que n\u00e3o ser\u00e1 Geddel, mas nenhum outro nome foi aviltado. PV, PTN ou outro partido menor pode dar a solu\u00e7\u00e3o.<\/p>\n<p><strong>Governo<\/strong><\/p>\n<p>Como disse durante o Carnaval, Jaques Wagner (PT), deve estar tranquilo, pois o \u201clado de l\u00e1\u201d est\u00e1 bem mais enrolado. A tese dos petistas era de Neto estaria \u201cvalorizando a decis\u00e3o\u201d de indicar Geddel, mas tudo indica que n\u00e3o ser\u00e1 este o desfecho.<\/p>\n<p>Se confirmada as duas candidaturas, o confronto ser\u00e1 no terreno relativamente mais interessante para os atuais comandantes do Poder Executivo estadual. Se por um lado L\u00eddice da Mata (PSB) \u201ctira\u201d votos dos governistas, do outro Geddel e Paulo Souto disputar\u00e3o os votos da oposi\u00e7\u00e3o.\u00a0Mas isso tudo \u00e9 conjuntura e s\u00f3 no final da semana \u00e9 que se espera uma defini\u00e7\u00e3o concreta.<\/p>\n","protected":false},"excerpt":{"rendered":"<p>As candidaturas s\u00f3 deveriam ser anunciadas ap\u00f3s as confer\u00eancias partid\u00e1rias que acontecem entre o final de junho e o in\u00edcio de julho do ano eleitoral, contudo &#8211; como mais uma prova do descompasso das leis eleitorais \u2013 os campos pol\u00edticos j\u00e1 devem fechar as chapas nesta primeira quinzena de abril. A ansiedade maior est\u00e1 no [&hellip;]<\/p>\n","protected":false},"author":2,"featured_media":0,"comment_status":"open","ping_status":"open","sticky":false,"template":"","format":"standard","meta":{"_links_to":"","_links_to_target":""},"categories":[1,7],"tags":[],"_links":{"self":[{"href":"https:\/\/www.blogdotarugao.com.br\/v1\/wp-json\/wp\/v2\/posts\/6500"}],"collection":[{"href":"https:\/\/www.blogdotarugao.com.br\/v1\/wp-json\/wp\/v2\/posts"}],"about":[{"href":"https:\/\/www.blogdotarugao.com.br\/v1\/wp-json\/wp\/v2\/types\/post"}],"author":[{"embeddable":true,"href":"https:\/\/www.blogdotarugao.com.br\/v1\/wp-json\/wp\/v2\/users\/2"}],"replies":[{"embeddable":true,"href":"https:\/\/www.blogdotarugao.com.br\/v1\/wp-json\/wp\/v2\/comments?post=6500"}],"version-history":[{"count":2,"href":"https:\/\/www.blogdotarugao.com.br\/v1\/wp-json\/wp\/v2\/posts\/6500\/revisions"}],"predecessor-version":[{"id":6502,"href":"https:\/\/www.blogdotarugao.com.br\/v1\/wp-json\/wp\/v2\/posts\/6500\/revisions\/6502"}],"wp:attachment":[{"href":"https:\/\/www.blogdotarugao.com.br\/v1\/wp-json\/wp\/v2\/media?parent=6500"}],"wp:term":[{"taxonomy":"category","embeddable":true,"href":"https:\/\/www.blogdotarugao.com.br\/v1\/wp-json\/wp\/v2\/categories?post=6500"},{"taxonomy":"post_tag","embeddable":true,"href":"https:\/\/www.blogdotarugao.com.br\/v1\/wp-json\/wp\/v2\/tags?post=6500"}],"curies":[{"name":"wp","href":"https:\/\/api.w.org\/{rel}","templated":true}]}}