{"id":65569,"date":"2016-07-21T03:12:35","date_gmt":"2016-07-21T06:12:35","guid":{"rendered":"http:\/\/www.blogdotarugao.com.br\/v1\/?p=65569"},"modified":"2016-07-21T03:14:52","modified_gmt":"2016-07-21T06:14:52","slug":"professores-das-universidades-estaduais-aprovam-indicativo-de-greve-geral-e-fazem-paralisacao","status":"publish","type":"post","link":"https:\/\/www.blogdotarugao.com.br\/v1\/2016\/07\/21\/professores-das-universidades-estaduais-aprovam-indicativo-de-greve-geral-e-fazem-paralisacao\/","title":{"rendered":"Professores das Universidades Estaduais aprovam indicativo de greve geral e fazem paralisa\u00e7\u00e3o"},"content":{"rendered":"<h3 style=\"text-align: justify;\"><em><strong><img loading=\"lazy\" class=\"  wp-image-65570 alignleft\" src=\"http:\/\/www.blogdotarugao.com.br\/v1\/wp-content\/uploads\/2016\/07\/Adusb-Paralisa\u00e7\u00e3o-300x225.jpg\" alt=\"Adusb-Paralisa\u00e7\u00e3o-300x225\" width=\"584\" height=\"440\" \/>Por Halanna Andrade (Adusb)<\/strong><\/em><\/h3>\n<h3 style=\"text-align: justify;\"><\/h3>\n<h3 style=\"text-align: justify;\">Na quarta-feira (20), os professores das Universidades Estaduais far\u00e3o paralisa\u00e7\u00e3o de atividades para realiza\u00e7\u00e3o de ato p\u00fablico, em Salvador, contra a redu\u00e7\u00e3o de verbas da educa\u00e7\u00e3o e pelo respeito aos direitos trabalhistas. <strong>Os docentes tamb\u00e9m aprovaram indicativo de greve geral dos servidores p\u00fablicos da Bahia<\/strong>. Al\u00e9m dos professores, v\u00e1rios segmentos do funcionalismo estar\u00e3o mobilizados pelo pagamento integral do reajuste linear, contra o PLP 257 e a PEC 241. A comunidade universit\u00e1ria denunciar\u00e1 os problemas or\u00e7ament\u00e1rios das Institui\u00e7\u00f5es. A concentra\u00e7\u00e3o da manifesta\u00e7\u00e3o ocorrer\u00e1 na Pra\u00e7a Newton Rique, em frente ao Shopping da Bahia (antigo Iguatemi), a partir das 8h30min.<\/h3>\n<h3 style=\"text-align: justify;\"><strong>Direitos trabalhistas<\/strong><\/h3>\n<h3 style=\"text-align: justify;\">H\u00e1 tr\u00eas anos o governo tem efetuado o pagamento do reajuste linear parcelado, conferindo perdas aos trabalhadores. Em 2016, n\u00e3o h\u00e1 qualquer sinaliza\u00e7\u00e3o de que o governador Rui Costa conceda o direito trabalhista. O confisco salarial \u00e9 de 10,67% para os mais de 267 mil servidores.<\/h3>\n<p><!--more--><\/p>\n<h3 style=\"text-align: justify;\">Al\u00e9m disso, tramita no Congresso Nacional, em regime de urg\u00eancia, o PLP 257 que veta os aumentos salariais com ganhos reais, adicionais, gratifica\u00e7\u00f5es e indeniza\u00e7\u00f5es. J\u00e1 a PEC 241 \u00e9 ainda mais severa, pois pretende estagnar os gastos p\u00fablicos por 20 anos para garantir o pagamento da d\u00edvida p\u00fablica. Os investimentos em sa\u00fade, educa\u00e7\u00e3o, pagamento de sal\u00e1rios e outros direitos ser\u00e3o os mesmos que em 2016, salvo a reposi\u00e7\u00e3o inflacion\u00e1ria do per\u00edodo, mesmo que a receita do pa\u00eds aumente.\u00a0<span id=\"more-246069\"><\/span><\/h3>\n<h3 style=\"text-align: justify;\"><strong>Em defesa da educa\u00e7\u00e3o p\u00fablica<\/strong><\/h3>\n<h3 style=\"text-align: justify;\">As Universidades Estaduais da Bahia enfrentam uma grave crise or\u00e7ament\u00e1ria. As perdas reais das verbas de manuten\u00e7\u00e3o, investimento e custeio de 2013 a 2016 ultrapassam os R$ 73 milh\u00f5es na UESB, UESC, UEFS e UNEB. A perspectiva para o ano que vem tamb\u00e9m n\u00e3o \u00e9 diferente, pois a emenda \u00e0 Lei de Diretrizes Or\u00e7ament\u00e1rias que garantia mais recursos foi rejeitada pelo relator do projeto, deputado e professor aposentado da UESB, Jos\u00e9 Raimundo Fontes.<\/h3>\n<h3 style=\"text-align: justify;\">A situa\u00e7\u00e3o \u00e9 refletida na UESB na perda real de mais de R$18 milh\u00f5es nas verbas de manuten\u00e7\u00e3o, investimento e custeio nos \u00faltimos tr\u00eas anos. S\u00e3o 180 disciplinas n\u00e3o ministradas por falta de professores. Editais de pesquisa e extens\u00e3o com financiamento interno est\u00e3o suspensos e a perman\u00eancia estudantil teve redu\u00e7\u00e3o de R$ 50 mil.<\/h3>\n<h3 style=\"text-align: justify;\"><strong>Mobiliza\u00e7\u00e3o<\/strong><\/h3>\n<h3 style=\"text-align: justify;\">Em continuidade ao ato da quarta-feira (20), os docentes participar\u00e3o da plen\u00e1ria dos servidores p\u00fablicos baianos, a ser realizada na sede da Afpeb \u00e0s 14h, localizada na Rua Carlos Gomes. Na oportunidade, os trabalhadores avaliar\u00e3o as condi\u00e7\u00f5es para deflagra\u00e7\u00e3o da greve.<\/h3>\n","protected":false},"excerpt":{"rendered":"<p>Por Halanna Andrade (Adusb) Na quarta-feira (20), os professores das Universidades Estaduais far\u00e3o paralisa\u00e7\u00e3o de atividades para realiza\u00e7\u00e3o de ato p\u00fablico, em Salvador, contra a redu\u00e7\u00e3o de verbas da educa\u00e7\u00e3o e pelo respeito aos direitos trabalhistas. Os docentes tamb\u00e9m aprovaram indicativo de greve geral dos servidores p\u00fablicos da Bahia. Al\u00e9m dos professores, v\u00e1rios segmentos do [&hellip;]<\/p>\n","protected":false},"author":2,"featured_media":0,"comment_status":"open","ping_status":"open","sticky":false,"template":"","format":"standard","meta":{"_links_to":"","_links_to_target":""},"categories":[1],"tags":[],"_links":{"self":[{"href":"https:\/\/www.blogdotarugao.com.br\/v1\/wp-json\/wp\/v2\/posts\/65569"}],"collection":[{"href":"https:\/\/www.blogdotarugao.com.br\/v1\/wp-json\/wp\/v2\/posts"}],"about":[{"href":"https:\/\/www.blogdotarugao.com.br\/v1\/wp-json\/wp\/v2\/types\/post"}],"author":[{"embeddable":true,"href":"https:\/\/www.blogdotarugao.com.br\/v1\/wp-json\/wp\/v2\/users\/2"}],"replies":[{"embeddable":true,"href":"https:\/\/www.blogdotarugao.com.br\/v1\/wp-json\/wp\/v2\/comments?post=65569"}],"version-history":[{"count":2,"href":"https:\/\/www.blogdotarugao.com.br\/v1\/wp-json\/wp\/v2\/posts\/65569\/revisions"}],"predecessor-version":[{"id":65572,"href":"https:\/\/www.blogdotarugao.com.br\/v1\/wp-json\/wp\/v2\/posts\/65569\/revisions\/65572"}],"wp:attachment":[{"href":"https:\/\/www.blogdotarugao.com.br\/v1\/wp-json\/wp\/v2\/media?parent=65569"}],"wp:term":[{"taxonomy":"category","embeddable":true,"href":"https:\/\/www.blogdotarugao.com.br\/v1\/wp-json\/wp\/v2\/categories?post=65569"},{"taxonomy":"post_tag","embeddable":true,"href":"https:\/\/www.blogdotarugao.com.br\/v1\/wp-json\/wp\/v2\/tags?post=65569"}],"curies":[{"name":"wp","href":"https:\/\/api.w.org\/{rel}","templated":true}]}}