{"id":65594,"date":"2016-07-21T19:18:53","date_gmt":"2016-07-21T22:18:53","guid":{"rendered":"http:\/\/www.blogdotarugao.com.br\/v1\/?p=65594"},"modified":"2016-07-21T19:18:53","modified_gmt":"2016-07-21T22:18:53","slug":"pf-prende-grupo-suspeito-de-planejar-atos-terroristas-a-15-dias-da-rio-2016","status":"publish","type":"post","link":"https:\/\/www.blogdotarugao.com.br\/v1\/2016\/07\/21\/pf-prende-grupo-suspeito-de-planejar-atos-terroristas-a-15-dias-da-rio-2016\/","title":{"rendered":"PF prende grupo suspeito de planejar atos terroristas a 15 dias da Rio 2016"},"content":{"rendered":"<h3 style=\"text-align: justify;\"><img loading=\"lazy\" class=\"  wp-image-65595 alignleft\" src=\"http:\/\/www.blogdotarugao.com.br\/v1\/wp-content\/uploads\/2016\/07\/pf50.jpg\" alt=\"pf50\" width=\"586\" height=\"268\" srcset=\"https:\/\/www.blogdotarugao.com.br\/v1\/wp-content\/uploads\/2016\/07\/pf50.jpg 576w, https:\/\/www.blogdotarugao.com.br\/v1\/wp-content\/uploads\/2016\/07\/pf50-300x138.jpg 300w\" sizes=\"(max-width: 586px) 100vw, 586px\" \/>A Pol\u00edcia Federal prendeu hoje (21) dez pessoas suspeitas de planejarem atos terroristas no Brasil. As pris\u00f5es ocorrem 15 dias antes do in\u00edcio da Olimp\u00edada no Rio de Janeiro.<\/h3>\n<h3 style=\"text-align: justify;\">&#8220;Eles passaram de simples coment\u00e1rios sobre Estado Isl\u00e2mico e terrorismo para atos preparat\u00f3rios&#8221;, disse o ministro da Justi\u00e7a, Alexandre de Moraes, em entrevista \u00e0 imprensa.<\/h3>\n<h3 style=\"text-align: justify;\">As pris\u00f5es, conforme o ministro, ocorreram em 10 estados. De acordo com o ministro, o grupo se comunicava por aplicativos de trocas de mensagens. (Ag\u00eancia Brasil)<\/h3>\n","protected":false},"excerpt":{"rendered":"<p>A Pol\u00edcia Federal prendeu hoje (21) dez pessoas suspeitas de planejarem atos terroristas no Brasil. As pris\u00f5es ocorrem 15 dias antes do in\u00edcio da Olimp\u00edada no Rio de Janeiro. &#8220;Eles passaram de simples coment\u00e1rios sobre Estado Isl\u00e2mico e terrorismo para atos preparat\u00f3rios&#8221;, disse o ministro da Justi\u00e7a, Alexandre de Moraes, em entrevista \u00e0 imprensa. As [&hellip;]<\/p>\n","protected":false},"author":2,"featured_media":0,"comment_status":"open","ping_status":"open","sticky":false,"template":"","format":"standard","meta":{"_links_to":"","_links_to_target":""},"categories":[1],"tags":[],"_links":{"self":[{"href":"https:\/\/www.blogdotarugao.com.br\/v1\/wp-json\/wp\/v2\/posts\/65594"}],"collection":[{"href":"https:\/\/www.blogdotarugao.com.br\/v1\/wp-json\/wp\/v2\/posts"}],"about":[{"href":"https:\/\/www.blogdotarugao.com.br\/v1\/wp-json\/wp\/v2\/types\/post"}],"author":[{"embeddable":true,"href":"https:\/\/www.blogdotarugao.com.br\/v1\/wp-json\/wp\/v2\/users\/2"}],"replies":[{"embeddable":true,"href":"https:\/\/www.blogdotarugao.com.br\/v1\/wp-json\/wp\/v2\/comments?post=65594"}],"version-history":[{"count":2,"href":"https:\/\/www.blogdotarugao.com.br\/v1\/wp-json\/wp\/v2\/posts\/65594\/revisions"}],"predecessor-version":[{"id":65597,"href":"https:\/\/www.blogdotarugao.com.br\/v1\/wp-json\/wp\/v2\/posts\/65594\/revisions\/65597"}],"wp:attachment":[{"href":"https:\/\/www.blogdotarugao.com.br\/v1\/wp-json\/wp\/v2\/media?parent=65594"}],"wp:term":[{"taxonomy":"category","embeddable":true,"href":"https:\/\/www.blogdotarugao.com.br\/v1\/wp-json\/wp\/v2\/categories?post=65594"},{"taxonomy":"post_tag","embeddable":true,"href":"https:\/\/www.blogdotarugao.com.br\/v1\/wp-json\/wp\/v2\/tags?post=65594"}],"curies":[{"name":"wp","href":"https:\/\/api.w.org\/{rel}","templated":true}]}}