{"id":65627,"date":"2016-07-22T12:41:19","date_gmt":"2016-07-22T15:41:19","guid":{"rendered":"http:\/\/www.blogdotarugao.com.br\/v1\/?p=65627"},"modified":"2016-07-22T12:41:19","modified_gmt":"2016-07-22T15:41:19","slug":"dilma-sente-dificuldade-maior-no-impeachment-que-em-luta-contra-cancer","status":"publish","type":"post","link":"https:\/\/www.blogdotarugao.com.br\/v1\/2016\/07\/22\/dilma-sente-dificuldade-maior-no-impeachment-que-em-luta-contra-cancer\/","title":{"rendered":"Dilma sente &#8220;dificuldade&#8221; maior no impeachment que em luta contra c\u00e2ncer"},"content":{"rendered":"<h3 style=\"text-align: justify;\"><img loading=\"lazy\" class=\"  wp-image-65628 alignleft\" src=\"http:\/\/www.blogdotarugao.com.br\/v1\/wp-content\/uploads\/2016\/07\/dm.jpg\" alt=\"dm\" width=\"584\" height=\"250\" srcset=\"https:\/\/www.blogdotarugao.com.br\/v1\/wp-content\/uploads\/2016\/07\/dm.jpg 1370w, https:\/\/www.blogdotarugao.com.br\/v1\/wp-content\/uploads\/2016\/07\/dm-300x129.jpg 300w, https:\/\/www.blogdotarugao.com.br\/v1\/wp-content\/uploads\/2016\/07\/dm-1024x439.jpg 1024w\" sizes=\"(max-width: 584px) 100vw, 584px\" \/>A presidente afastada Dilma Rousseff (PT), em entrevista a uma r\u00e1dio ga\u00facha, nesta quinta-feira (21), comparou o processo de impeachment com o tratamento de um c\u00e2ncer a que foi submetida, al\u00e9m de falar sobre as torturas sofridas quando foi presa pol\u00edtica na ditadura militar.<\/h3>\n<h3 style=\"text-align: justify;\">A petista afirmou que &#8220;em nenhuma dessas vezes&#8221; sentiu &#8220;tamanha dificuldade como agora&#8221;, ao referir que o impedimento \u00e9 uma &#8220;injusti\u00e7a&#8221; cometida no regime democr\u00e1tico e que ela est\u00e1 sendo julgada por um &#8220;n\u00e3o crime&#8221;, de acordo com o UOL<\/h3>\n<h3 style=\"text-align: justify;\">&#8220;Na minha vida toda eu lutei em v\u00e1rias circunst\u00e2ncias dif\u00edceis. Eu lutei na ditadura, e a\u00ed obviamente eu acho que para qualquer um dos brasileiros e brasileiras que foram torturados, a tortura \u00e9 talvez um dos limites da degrada\u00e7\u00e3o humana. De quem faz [a tortura], mas tamb\u00e9m \u00e9 muito, mas muito, ruim pra quem sofre. E eu tamb\u00e9m enfrentei um c\u00e2ncer&#8221;, contou Dilma, que complementou: &#8220;agora te digo o seguinte: em nenhuma dessas vezes eu senti tamanha dificuldade como agora&#8221;.<!--more--><\/h3>\n<h3 style=\"text-align: justify;\">Ela fez as declara\u00e7\u00f5es ao responder a um dos entrevistadores da r\u00e1dio Pampa, do Rio Grande do Sul, sobre seus sentimentos em rela\u00e7\u00e3o ao per\u00edodo vivido. A presidente afastada se submeteu com sucesso a um tratamento contra c\u00e2ncer em 2009, quando era ministra-chefe da Casa Civil do ent\u00e3o presidente Luiz In\u00e1cio Lula da Silva. Sobre o per\u00edodo da ditadura (1964-1985), Dilma integrou movimentos clandestinos de combate ao regime militar, tendo sido presa e torturada.<\/h3>\n<h3 style=\"text-align: justify;\">Atualmente ela \u00e9 alvo de um processo de impeachment no Senado Federal, sob a acusa\u00e7\u00e3o de ter executado pr\u00e1ticas financeiras ilegais, as chamadas &#8220;pedaladas fiscais&#8221;. A defesa da petista afirma que n\u00e3o h\u00e1 irregularidades nos fatos apontados na den\u00fancia.<\/h3>\n<h3 style=\"text-align: justify;\"><\/h3>\n<h3 style=\"text-align: justify;\">Ainda na entrevista, Dilma Rousseff criticou o jornal Folha de S. Paulo por n\u00e3o ter divulgado, em um primeiro momento, o resultado de pesquisa Datafolha que apontava que 62% dos brasileiros s\u00e3o a favor de novas elei\u00e7\u00f5es para a Presid\u00eancia da Rep\u00fablica.<\/h3>\n<h3 style=\"text-align: justify;\"><\/h3>\n<h3 style=\"text-align: justify;\">&#8220;Nunca comentei pesquisa, mas fico indignada diante dessa distor\u00e7\u00e3o. Como que n\u00e3o \u00e9 importante <a id=\"PXLINK_1_0_0\" class=\"pxInta\" href=\"http:\/\/www.verdinhoitabuna.blog.br\/2016\/07\/dilma-sente-dificuldade-maior-no.html#\">saber<\/a> o que a popula\u00e7\u00e3o brasileira acha?&#8221;, perguntou. O editor-executivo do jornal, S\u00e9rgio D\u00e1vila, alegou que a decis\u00e3o de n\u00e3o publicar o resultado dessa pergunta do levantamento foi tomada porque a realiza\u00e7\u00e3o de novas elei\u00e7\u00f5es, na pr\u00e1tica, n\u00e3o \u00e9 prov\u00e1vel no atual cen\u00e1rio pol\u00edtico.<\/h3>\n","protected":false},"excerpt":{"rendered":"<p>A presidente afastada Dilma Rousseff (PT), em entrevista a uma r\u00e1dio ga\u00facha, nesta quinta-feira (21), comparou o processo de impeachment com o tratamento de um c\u00e2ncer a que foi submetida, al\u00e9m de falar sobre as torturas sofridas quando foi presa pol\u00edtica na ditadura militar. A petista afirmou que &#8220;em nenhuma dessas vezes&#8221; sentiu &#8220;tamanha dificuldade [&hellip;]<\/p>\n","protected":false},"author":2,"featured_media":0,"comment_status":"open","ping_status":"open","sticky":false,"template":"","format":"standard","meta":{"_links_to":"","_links_to_target":""},"categories":[1],"tags":[],"_links":{"self":[{"href":"https:\/\/www.blogdotarugao.com.br\/v1\/wp-json\/wp\/v2\/posts\/65627"}],"collection":[{"href":"https:\/\/www.blogdotarugao.com.br\/v1\/wp-json\/wp\/v2\/posts"}],"about":[{"href":"https:\/\/www.blogdotarugao.com.br\/v1\/wp-json\/wp\/v2\/types\/post"}],"author":[{"embeddable":true,"href":"https:\/\/www.blogdotarugao.com.br\/v1\/wp-json\/wp\/v2\/users\/2"}],"replies":[{"embeddable":true,"href":"https:\/\/www.blogdotarugao.com.br\/v1\/wp-json\/wp\/v2\/comments?post=65627"}],"version-history":[{"count":1,"href":"https:\/\/www.blogdotarugao.com.br\/v1\/wp-json\/wp\/v2\/posts\/65627\/revisions"}],"predecessor-version":[{"id":65629,"href":"https:\/\/www.blogdotarugao.com.br\/v1\/wp-json\/wp\/v2\/posts\/65627\/revisions\/65629"}],"wp:attachment":[{"href":"https:\/\/www.blogdotarugao.com.br\/v1\/wp-json\/wp\/v2\/media?parent=65627"}],"wp:term":[{"taxonomy":"category","embeddable":true,"href":"https:\/\/www.blogdotarugao.com.br\/v1\/wp-json\/wp\/v2\/categories?post=65627"},{"taxonomy":"post_tag","embeddable":true,"href":"https:\/\/www.blogdotarugao.com.br\/v1\/wp-json\/wp\/v2\/tags?post=65627"}],"curies":[{"name":"wp","href":"https:\/\/api.w.org\/{rel}","templated":true}]}}