{"id":65655,"date":"2016-07-22T20:10:10","date_gmt":"2016-07-22T23:10:10","guid":{"rendered":"http:\/\/www.blogdotarugao.com.br\/v1\/?p=65655"},"modified":"2016-07-22T20:10:10","modified_gmt":"2016-07-22T23:10:10","slug":"triste-mae-reza-diante-do-filho-morto-no-dia-do-aniversario-em-teixeira","status":"publish","type":"post","link":"https:\/\/www.blogdotarugao.com.br\/v1\/2016\/07\/22\/triste-mae-reza-diante-do-filho-morto-no-dia-do-aniversario-em-teixeira\/","title":{"rendered":"Triste: M\u00e3e reza diante do filho morto no dia do anivers\u00e1rio em Teixeira"},"content":{"rendered":"<h3 style=\"text-align: justify;\"><img loading=\"lazy\" class=\"  wp-image-65656 alignleft\" src=\"http:\/\/www.blogdotarugao.com.br\/v1\/wp-content\/uploads\/2016\/07\/aa.jpg\" alt=\"aa\" width=\"585\" height=\"532\" srcset=\"https:\/\/www.blogdotarugao.com.br\/v1\/wp-content\/uploads\/2016\/07\/aa.jpg 800w, https:\/\/www.blogdotarugao.com.br\/v1\/wp-content\/uploads\/2016\/07\/aa-300x273.jpg 300w\" sizes=\"(max-width: 585px) 100vw, 585px\" \/>Um homem foi morto a tiros por volta das 19h de quinta-feira (21), na Rua Manoel Sambique, no bairro Vila Vargas, em Teixeira de Freitas. Jos\u00e9 <a id=\"PXLINK_1_0_1\" class=\"pxInta\" href=\"http:\/\/www.bocaonews.com.br\/noticias\/interior\/policia\/149814,mae-reza-diante-do-filho-morto-no-dia-do-aniversario-em-teixeira-de-freitas.html#\">Ricardo<\/a> Alc\u00e2ntara, que completou 30 anos no dia do crime, foi alvejado com dois disparos de rev\u00f3lver calibre 38, que o atingiram no rosto e no pesco\u00e7o. Moradores da rua n\u00e3o souberam informar detalhes do crime, afirmando apenas terem escutado o barulho dos tiros.<\/h3>\n<h3 style=\"text-align: justify;\">Uma equipe da 87\u00aa Companhia Independente da Pol\u00edcia Militar de Teixeira de Freitas (87\u00aa CIPM) esteve no local para isolar a \u00e1rea antes da chegada da Pol\u00edcia T\u00e9cnica. No local, uma cena chamou a aten\u00e7\u00e3o dos populares. A m\u00e3e da v\u00edtima, ajoelhada diante do corpo, rezava pelo filho. A autoria e a motiva\u00e7\u00e3o do crime ser\u00e3o investigadas pela Pol\u00edcia Civil.<\/h3>\n","protected":false},"excerpt":{"rendered":"<p>Um homem foi morto a tiros por volta das 19h de quinta-feira (21), na Rua Manoel Sambique, no bairro Vila Vargas, em Teixeira de Freitas. Jos\u00e9 Ricardo Alc\u00e2ntara, que completou 30 anos no dia do crime, foi alvejado com dois disparos de rev\u00f3lver calibre 38, que o atingiram no rosto e no pesco\u00e7o. Moradores da [&hellip;]<\/p>\n","protected":false},"author":2,"featured_media":0,"comment_status":"open","ping_status":"open","sticky":false,"template":"","format":"standard","meta":{"_links_to":"","_links_to_target":""},"categories":[1],"tags":[],"_links":{"self":[{"href":"https:\/\/www.blogdotarugao.com.br\/v1\/wp-json\/wp\/v2\/posts\/65655"}],"collection":[{"href":"https:\/\/www.blogdotarugao.com.br\/v1\/wp-json\/wp\/v2\/posts"}],"about":[{"href":"https:\/\/www.blogdotarugao.com.br\/v1\/wp-json\/wp\/v2\/types\/post"}],"author":[{"embeddable":true,"href":"https:\/\/www.blogdotarugao.com.br\/v1\/wp-json\/wp\/v2\/users\/2"}],"replies":[{"embeddable":true,"href":"https:\/\/www.blogdotarugao.com.br\/v1\/wp-json\/wp\/v2\/comments?post=65655"}],"version-history":[{"count":1,"href":"https:\/\/www.blogdotarugao.com.br\/v1\/wp-json\/wp\/v2\/posts\/65655\/revisions"}],"predecessor-version":[{"id":65657,"href":"https:\/\/www.blogdotarugao.com.br\/v1\/wp-json\/wp\/v2\/posts\/65655\/revisions\/65657"}],"wp:attachment":[{"href":"https:\/\/www.blogdotarugao.com.br\/v1\/wp-json\/wp\/v2\/media?parent=65655"}],"wp:term":[{"taxonomy":"category","embeddable":true,"href":"https:\/\/www.blogdotarugao.com.br\/v1\/wp-json\/wp\/v2\/categories?post=65655"},{"taxonomy":"post_tag","embeddable":true,"href":"https:\/\/www.blogdotarugao.com.br\/v1\/wp-json\/wp\/v2\/tags?post=65655"}],"curies":[{"name":"wp","href":"https:\/\/api.w.org\/{rel}","templated":true}]}}