{"id":65871,"date":"2016-07-27T08:53:35","date_gmt":"2016-07-27T11:53:35","guid":{"rendered":"http:\/\/www.blogdotarugao.com.br\/v1\/?p=65871"},"modified":"2016-07-27T08:53:35","modified_gmt":"2016-07-27T11:53:35","slug":"desprestigio-agencia-do-ministerio-do-trabalho-em-itapetinga-sera-desativada-a-partir-desta-sexta","status":"publish","type":"post","link":"https:\/\/www.blogdotarugao.com.br\/v1\/2016\/07\/27\/desprestigio-agencia-do-ministerio-do-trabalho-em-itapetinga-sera-desativada-a-partir-desta-sexta\/","title":{"rendered":"DESPREST\u00cdGIO! AG\u00caNCIA DO MINIST\u00c9RIO DO TRABALHO EM ITAPETINGA SER\u00c1 DESATIVADA A PARTIR DESTA SEXTA"},"content":{"rendered":"<h3 style=\"text-align: justify;\"><img loading=\"lazy\" class=\"  wp-image-65872 alignleft\" src=\"http:\/\/www.blogdotarugao.com.br\/v1\/wp-content\/uploads\/2016\/07\/agencia-da-trabalho.jpg\" alt=\"agencia da trabalho\" width=\"583\" height=\"350\" srcset=\"https:\/\/www.blogdotarugao.com.br\/v1\/wp-content\/uploads\/2016\/07\/agencia-da-trabalho.jpg 500w, https:\/\/www.blogdotarugao.com.br\/v1\/wp-content\/uploads\/2016\/07\/agencia-da-trabalho-300x180.jpg 300w\" sizes=\"(max-width: 583px) 100vw, 583px\" \/>Como o Sudoeste Hoje j\u00e1 havia alertado no m\u00eas de abril deste ano, a Ag\u00eancia Regional do Trabalho e Emprego do munic\u00edpio de Itapetinga, na Bahia, ser\u00e1 fechada,a partir da pr\u00f3xima sexta-feira (29). A medida foi tomada devido \u00e0 reloca\u00e7\u00e3o de pessoal e outras decis\u00f5es internas, informou o Minist\u00e9rio do Trabalho e Previd\u00eancia Social, atrav\u00e9s do seu<em> <a href=\"http:\/\/www.mtps.gov.br\/noticias\/3626-atendimento-da-cidade-de-itapetinga\">site oficial<\/a><\/em>.<\/h3>\n<h3 style=\"text-align: justify;\">Com a mudan\u00e7a, o atendimento \u00e0 popula\u00e7\u00e3o de Itapetinga e regi\u00e3o ser\u00e1 prestado pela Ger\u00eancia Regional do Trabalho e Emprego em Vit\u00f3ria da Conquista, munic\u00edpio distante 100 quil\u00f4metros da cidade de Itapetinga. O atendimento dever\u00e1 ser agendado previamente no endere\u00e7o eletr\u00f4nicohttp:\/\/saaweb.mte.gov.br.<\/h3>\n<h3 style=\"text-align: justify;\">Os servi\u00e7os de emiss\u00e3o da Carteira de Trabalho e Previd\u00eancia Social, e o encaminhamento ao seguro desemprego, continuar\u00e3o sendo realizados na pr\u00f3pria cidade de Itapetinga, no posto do SINE, localizado na Rua J.J. Seabra n\u00ba 150, Centro.\u00a0No caso de orienta\u00e7\u00e3o trabalhista, o usu\u00e1rio pode entrar em contato com a central de atendimento Al\u00f4 Trabalho, pelo n\u00famero 158.<\/h3>\n<h3 style=\"text-align: justify;\">O fechamento da Ag\u00eancia Regional de Itapetinga, que existe na cidade h\u00e1 mais de 30 anos, denota o desprest\u00edgio dos representantes pol\u00edticos locais, principalmente do prefeito, que descansa em ber\u00e7o espl\u00eandido, enquanto a cidade cai pelas tabelas.<\/h3>\n<h3 style=\"text-align: justify;\"><b>\u00a0Por Davi Ferraz<\/b><\/h3>\n","protected":false},"excerpt":{"rendered":"<p>Como o Sudoeste Hoje j\u00e1 havia alertado no m\u00eas de abril deste ano, a Ag\u00eancia Regional do Trabalho e Emprego do munic\u00edpio de Itapetinga, na Bahia, ser\u00e1 fechada,a partir da pr\u00f3xima sexta-feira (29). A medida foi tomada devido \u00e0 reloca\u00e7\u00e3o de pessoal e outras decis\u00f5es internas, informou o Minist\u00e9rio do Trabalho e Previd\u00eancia Social, atrav\u00e9s [&hellip;]<\/p>\n","protected":false},"author":2,"featured_media":0,"comment_status":"open","ping_status":"open","sticky":false,"template":"","format":"standard","meta":{"_links_to":"","_links_to_target":""},"categories":[1],"tags":[],"_links":{"self":[{"href":"https:\/\/www.blogdotarugao.com.br\/v1\/wp-json\/wp\/v2\/posts\/65871"}],"collection":[{"href":"https:\/\/www.blogdotarugao.com.br\/v1\/wp-json\/wp\/v2\/posts"}],"about":[{"href":"https:\/\/www.blogdotarugao.com.br\/v1\/wp-json\/wp\/v2\/types\/post"}],"author":[{"embeddable":true,"href":"https:\/\/www.blogdotarugao.com.br\/v1\/wp-json\/wp\/v2\/users\/2"}],"replies":[{"embeddable":true,"href":"https:\/\/www.blogdotarugao.com.br\/v1\/wp-json\/wp\/v2\/comments?post=65871"}],"version-history":[{"count":1,"href":"https:\/\/www.blogdotarugao.com.br\/v1\/wp-json\/wp\/v2\/posts\/65871\/revisions"}],"predecessor-version":[{"id":65873,"href":"https:\/\/www.blogdotarugao.com.br\/v1\/wp-json\/wp\/v2\/posts\/65871\/revisions\/65873"}],"wp:attachment":[{"href":"https:\/\/www.blogdotarugao.com.br\/v1\/wp-json\/wp\/v2\/media?parent=65871"}],"wp:term":[{"taxonomy":"category","embeddable":true,"href":"https:\/\/www.blogdotarugao.com.br\/v1\/wp-json\/wp\/v2\/categories?post=65871"},{"taxonomy":"post_tag","embeddable":true,"href":"https:\/\/www.blogdotarugao.com.br\/v1\/wp-json\/wp\/v2\/tags?post=65871"}],"curies":[{"name":"wp","href":"https:\/\/api.w.org\/{rel}","templated":true}]}}