{"id":65940,"date":"2016-07-28T09:50:50","date_gmt":"2016-07-28T12:50:50","guid":{"rendered":"http:\/\/www.blogdotarugao.com.br\/v1\/?p=65940"},"modified":"2016-07-28T09:50:50","modified_gmt":"2016-07-28T12:50:50","slug":"novo-periodo-para-saque-do-abono-pispasep-comeca-nesta-quinta-feira","status":"publish","type":"post","link":"https:\/\/www.blogdotarugao.com.br\/v1\/2016\/07\/28\/novo-periodo-para-saque-do-abono-pispasep-comeca-nesta-quinta-feira\/","title":{"rendered":"Novo per\u00edodo para saque do abono PIS\/Pasep come\u00e7a nesta quinta-feira"},"content":{"rendered":"<h3 style=\"text-align: justify;\"><img loading=\"lazy\" class=\"aligncenter  wp-image-64307\" src=\"http:\/\/www.blogdotarugao.com.br\/v1\/wp-content\/uploads\/2016\/07\/pis.jpg\" alt=\"pis\" width=\"580\" height=\"205\" srcset=\"https:\/\/www.blogdotarugao.com.br\/v1\/wp-content\/uploads\/2016\/07\/pis.jpg 600w, https:\/\/www.blogdotarugao.com.br\/v1\/wp-content\/uploads\/2016\/07\/pis-300x106.jpg 300w\" sizes=\"(max-width: 580px) 100vw, 580px\" \/><\/h3>\n<h3 style=\"text-align: justify;\">No mesmo dia, tamb\u00e9m come\u00e7a a ser pago o abono ano-base 2015. Quem nasceu de julho a dezembro recebe o benef\u00edcio neste ano (2016), e os nascidos entre janeiro a junho, no primeiro trimestre de 2017. De acordo com o MTE, em qualquer situa\u00e7\u00e3o, o recurso ficar\u00e1 \u00e0 disposi\u00e7\u00e3o do trabalhador at\u00e9 30 de junho de 2017, prazo final para o recebimento.<\/h3>\n<h3 style=\"text-align: justify;\">O governo federal anunciou no in\u00edcio deste m\u00eas<a href=\"http:\/\/g1.globo.com\/economia\/seu-dinheiro\/noticia\/2016\/07\/governo-prorroga-prazo-para-saque-do-abono-salarial-de-2015.html\"> a prorroga\u00e7\u00e3o do prazo<\/a> para que trabalhadores fizessem o saque do abono salarial do PIS\/Pasep, referente ao ano-base de 2014.<\/h3>\n<h3 style=\"text-align: justify;\"><a href=\"http:\/\/g1.globo.com\/economia\/seu-dinheiro\/noticia\/2016\/06\/prazo-para-sacar-abono-salarial-de-2015-termina-hoje.html\">O prazo havia terminado em 30 de junho<\/a> e, de acordo com o ministro do Trabalho, Ronaldo Nogueira, na ocasi\u00e3o, cerca de 1,2 milh\u00e3o de pessoas que possu\u00edam direito ao benef\u00edcio n\u00e3o haviam feito o saque.<\/h3>\n","protected":false},"excerpt":{"rendered":"<p>No mesmo dia, tamb\u00e9m come\u00e7a a ser pago o abono ano-base 2015. Quem nasceu de julho a dezembro recebe o benef\u00edcio neste ano (2016), e os nascidos entre janeiro a junho, no primeiro trimestre de 2017. De acordo com o MTE, em qualquer situa\u00e7\u00e3o, o recurso ficar\u00e1 \u00e0 disposi\u00e7\u00e3o do trabalhador at\u00e9 30 de junho [&hellip;]<\/p>\n","protected":false},"author":2,"featured_media":0,"comment_status":"open","ping_status":"open","sticky":false,"template":"","format":"standard","meta":{"_links_to":"","_links_to_target":""},"categories":[1],"tags":[],"_links":{"self":[{"href":"https:\/\/www.blogdotarugao.com.br\/v1\/wp-json\/wp\/v2\/posts\/65940"}],"collection":[{"href":"https:\/\/www.blogdotarugao.com.br\/v1\/wp-json\/wp\/v2\/posts"}],"about":[{"href":"https:\/\/www.blogdotarugao.com.br\/v1\/wp-json\/wp\/v2\/types\/post"}],"author":[{"embeddable":true,"href":"https:\/\/www.blogdotarugao.com.br\/v1\/wp-json\/wp\/v2\/users\/2"}],"replies":[{"embeddable":true,"href":"https:\/\/www.blogdotarugao.com.br\/v1\/wp-json\/wp\/v2\/comments?post=65940"}],"version-history":[{"count":1,"href":"https:\/\/www.blogdotarugao.com.br\/v1\/wp-json\/wp\/v2\/posts\/65940\/revisions"}],"predecessor-version":[{"id":65941,"href":"https:\/\/www.blogdotarugao.com.br\/v1\/wp-json\/wp\/v2\/posts\/65940\/revisions\/65941"}],"wp:attachment":[{"href":"https:\/\/www.blogdotarugao.com.br\/v1\/wp-json\/wp\/v2\/media?parent=65940"}],"wp:term":[{"taxonomy":"category","embeddable":true,"href":"https:\/\/www.blogdotarugao.com.br\/v1\/wp-json\/wp\/v2\/categories?post=65940"},{"taxonomy":"post_tag","embeddable":true,"href":"https:\/\/www.blogdotarugao.com.br\/v1\/wp-json\/wp\/v2\/tags?post=65940"}],"curies":[{"name":"wp","href":"https:\/\/api.w.org\/{rel}","templated":true}]}}