{"id":65963,"date":"2016-07-29T10:29:20","date_gmt":"2016-07-29T13:29:20","guid":{"rendered":"http:\/\/www.blogdotarugao.com.br\/v1\/?p=65963"},"modified":"2016-07-29T10:29:20","modified_gmt":"2016-07-29T13:29:20","slug":"bahia-veiculo-foi-usado-como-carro-bomba-dentro-de-garagem-em-guerra-do-trafico","status":"publish","type":"post","link":"https:\/\/www.blogdotarugao.com.br\/v1\/2016\/07\/29\/bahia-veiculo-foi-usado-como-carro-bomba-dentro-de-garagem-em-guerra-do-trafico\/","title":{"rendered":"Bahia: Ve\u00edculo foi usado como \u201ccarro-bomba\u201d dentro de garagem, em guerra do tr\u00e1fico"},"content":{"rendered":"<h3 style=\"text-align: justify;\"><span style=\"color: #000000;\">Ve\u00edculo explodiu dentro de im\u00f3vel na manh\u00e3 de quarta-feira (27), em Cama\u00e7ari. Segundo pol\u00edcia, ataque pode estar ligado \u00e0 disputa por tr\u00e1fico de drogas.<\/span><\/h3>\n<h3 style=\"text-align: justify;\"><span style=\"color: #000000;\">O ve\u00edculo que explodiu na garagem de uma casa em Cama\u00e7ari, na Regi\u00e3o Metropolitana de Salvador, no in\u00edcio da manh\u00e3 de quarta-feira (27), foi usado como um \u201ccarro-bomba\u201d por criminosos, segundo a pol\u00edcia.<\/span><img loading=\"lazy\" class=\"aligncenter  wp-image-65964\" src=\"http:\/\/www.blogdotarugao.com.br\/v1\/wp-content\/uploads\/2016\/07\/explosao_camacari.jpg\" alt=\"explosao_camacari\" width=\"583\" height=\"437\" srcset=\"https:\/\/www.blogdotarugao.com.br\/v1\/wp-content\/uploads\/2016\/07\/explosao_camacari.jpg 620w, https:\/\/www.blogdotarugao.com.br\/v1\/wp-content\/uploads\/2016\/07\/explosao_camacari-300x225.jpg 300w\" sizes=\"(max-width: 583px) 100vw, 583px\" \/><span style=\"color: #000000;\">O objetivo era invadir o im\u00f3vel de um suspeito de tr\u00e1fico de drogas, segundo informa\u00e7\u00f5es da Pol\u00edcia Militar. A PM informou que o Batalh\u00e3o de Opera\u00e7\u00f5es Policiais Especiais (Bope) foi acionado para verificar a explos\u00e3o e isolou a \u00e1rea junto com guarni\u00e7\u00f5es do 12\u00aa Batalh\u00e3o de Pol\u00edcia Militar e da CIPE\/Polo. Os agentes identificaram que houve uma explos\u00e3o dentro do ve\u00edculo, mas ap\u00f3s a varredura no local n\u00e3o foi detectado nenhuma amea\u00e7a de outras bombas.(G1 . Rede Bahia)<\/span><\/h3>\n<p><!--more--><\/p>\n<p><img class=\" aligncenter\" src=\"http:\/\/i.imgur.com\/Ejn3wL3.jpg?1\" alt=\"\" \/><\/p>\n<h3 style=\"text-align: justify;\"><span style=\"color: #000000;\">Ainda segundo a pol\u00edcia, o ve\u00edculo usado no ataque havia roubado na noite de ter\u00e7a-feira (26). Os criminosos invadiram a casa derrubando o port\u00e3o da garagem e acionaram um explosivo no banco de tr\u00e1s do ve\u00edculo. A casa estava vazia e n\u00e3o houve pessoas feridas, apenas danos no im\u00f3vel. O caso ocorreu na Rua Florestal, por volta das 4h. Segundo a pol\u00edcia, o ataque pode estar ligado a uma disputa entre gangues rivais. Os suspeitos do crime ainda n\u00e3o foram identificados. O carro foi encaminhado para per\u00edcia t\u00e9cnica.<\/span><\/h3>\n","protected":false},"excerpt":{"rendered":"<p>Ve\u00edculo explodiu dentro de im\u00f3vel na manh\u00e3 de quarta-feira (27), em Cama\u00e7ari. Segundo pol\u00edcia, ataque pode estar ligado \u00e0 disputa por tr\u00e1fico de drogas. O ve\u00edculo que explodiu na garagem de uma casa em Cama\u00e7ari, na Regi\u00e3o Metropolitana de Salvador, no in\u00edcio da manh\u00e3 de quarta-feira (27), foi usado como um \u201ccarro-bomba\u201d por criminosos, segundo [&hellip;]<\/p>\n","protected":false},"author":2,"featured_media":0,"comment_status":"open","ping_status":"open","sticky":false,"template":"","format":"standard","meta":{"_links_to":"","_links_to_target":""},"categories":[37,6],"tags":[],"_links":{"self":[{"href":"https:\/\/www.blogdotarugao.com.br\/v1\/wp-json\/wp\/v2\/posts\/65963"}],"collection":[{"href":"https:\/\/www.blogdotarugao.com.br\/v1\/wp-json\/wp\/v2\/posts"}],"about":[{"href":"https:\/\/www.blogdotarugao.com.br\/v1\/wp-json\/wp\/v2\/types\/post"}],"author":[{"embeddable":true,"href":"https:\/\/www.blogdotarugao.com.br\/v1\/wp-json\/wp\/v2\/users\/2"}],"replies":[{"embeddable":true,"href":"https:\/\/www.blogdotarugao.com.br\/v1\/wp-json\/wp\/v2\/comments?post=65963"}],"version-history":[{"count":1,"href":"https:\/\/www.blogdotarugao.com.br\/v1\/wp-json\/wp\/v2\/posts\/65963\/revisions"}],"predecessor-version":[{"id":65965,"href":"https:\/\/www.blogdotarugao.com.br\/v1\/wp-json\/wp\/v2\/posts\/65963\/revisions\/65965"}],"wp:attachment":[{"href":"https:\/\/www.blogdotarugao.com.br\/v1\/wp-json\/wp\/v2\/media?parent=65963"}],"wp:term":[{"taxonomy":"category","embeddable":true,"href":"https:\/\/www.blogdotarugao.com.br\/v1\/wp-json\/wp\/v2\/categories?post=65963"},{"taxonomy":"post_tag","embeddable":true,"href":"https:\/\/www.blogdotarugao.com.br\/v1\/wp-json\/wp\/v2\/tags?post=65963"}],"curies":[{"name":"wp","href":"https:\/\/api.w.org\/{rel}","templated":true}]}}