{"id":66021,"date":"2016-07-30T10:50:03","date_gmt":"2016-07-30T13:50:03","guid":{"rendered":"http:\/\/www.blogdotarugao.com.br\/v1\/?p=66021"},"modified":"2016-07-30T10:50:03","modified_gmt":"2016-07-30T13:50:03","slug":"justica-aceita-denuncia-e-quatro-viram-reus-por-crimes-contra-maju-coutinho","status":"publish","type":"post","link":"https:\/\/www.blogdotarugao.com.br\/v1\/2016\/07\/30\/justica-aceita-denuncia-e-quatro-viram-reus-por-crimes-contra-maju-coutinho\/","title":{"rendered":"Justi\u00e7a aceita den\u00fancia e quatro viram r\u00e9us por crimes contra Maju Coutinho"},"content":{"rendered":"<h3 style=\"text-align: justify;\"><img loading=\"lazy\" class=\"  wp-image-66022 alignleft\" src=\"http:\/\/www.blogdotarugao.com.br\/v1\/wp-content\/uploads\/2016\/07\/Maju.jpeg\" alt=\"Maju\" width=\"584\" height=\"389\" srcset=\"https:\/\/www.blogdotarugao.com.br\/v1\/wp-content\/uploads\/2016\/07\/Maju.jpeg 560w, https:\/\/www.blogdotarugao.com.br\/v1\/wp-content\/uploads\/2016\/07\/Maju-300x200.jpeg 300w\" sizes=\"(max-width: 584px) 100vw, 584px\" \/>A Justi\u00e7a de S\u00e3o Paulo acolheu a den\u00fancia do Minist\u00e9rio P\u00fablico e transformou em r\u00e9us os quatro acusados de promover ataques racistas contra a jornalista Maria J\u00falia Coutinho, a Maju, apresentadora da previs\u00e3o do tempo do &#8220;Jornal Nacional&#8221;.<\/h3>\n<h3 style=\"text-align: justify;\">Eles agora ter\u00e3o que responder na Justi\u00e7a pelos crimes de falsidade ideol\u00f3gica, inj\u00faria, racismo, corrup\u00e7\u00e3o de menores e tamb\u00e9m por forma\u00e7\u00e3o de associa\u00e7\u00e3o criminosa na internet. A informa\u00e7\u00e3o foi divulgada na noite desta sexta-feira (29) pelo site G1, do Grupo Globo.<\/h3>\n<h3 style=\"text-align: justify;\">Os r\u00e9us s\u00e3o \u00c9rico Monteiro dos Santos, Rog\u00e9rio Wagner Castor Sales, Kaique Batista e Luis Carlos F\u00e9lix de Ara\u00fajo. Os tr\u00eas primeiros arquitetaram o ataque e tiveram a ajuda de Ara\u00fajo, profissional da \u00e1rea de inform\u00e1tica, para cometer os crimes. Eles teriam marcado previamente dia e hor\u00e1rios para realizar os ataques racistas em rede social contra a apresentadora.<\/h3>\n<h3 style=\"text-align: justify;\">Se condenados, os homens podem pegar de 7 a 20 anos de pris\u00e3o. Anteriormente, eles negaram envolvimento.<\/h3>\n<h3 style=\"text-align: justify;\">O grupo ainda induziu outras pessoas, incluindo menores, a tamb\u00e9m postarem mensagens racistas contra a apresentadora na internet.<\/h3>\n<h3 style=\"text-align: justify;\">Segundo o G1, quatro adolescentes s\u00e3o considerados coautores e v\u00edtimas de corrup\u00e7\u00e3o de menores, e ter\u00e3o a participa\u00e7\u00e3o nos crimes analisada pela Promotoria da Inf\u00e2ncia e Juventude.<\/h3>\n<h3 style=\"text-align: justify;\">O CASO<\/h3>\n<p><!--more--><\/p>\n<h3 style=\"text-align: justify;\">Maju sofreu as ofensas racistas na noite de 2 de julho de 2015, em uma publica\u00e7\u00e3o com a sua imagem na p\u00e1gina oficial do &#8220;JN&#8221; no Facebook. Alguns internautas fizeram piadas e publicaram coment\u00e1rios pejorativos e racistas, como &#8220;S\u00f3 conseguiu emprego no &#8216;Jornal Nacional&#8217; por causa das cotas. Preta imunda&#8221; ou &#8220;V\u00e1 fazer as previs\u00f5es do tempo na senzala&#8221;.<\/h3>\n<h3 style=\"text-align: justify;\">Revoltados, internautas, telespectadores, famosos, colegas de reda\u00e7\u00e3o e profiss\u00e3o sa\u00edram em defesa da jornalista e publicaram coment\u00e1rios de rep\u00fadio.<\/h3>\n<h3 style=\"text-align: justify;\"><\/h3>\n<h3 style=\"text-align: justify;\">Formada pela C\u00e1sper L\u00edbero e com r\u00e1pida passagem pela TV Cultura, Maria J\u00falia iniciou a sua carreira no jornalismo da Globo como rep\u00f3rter de telejornais locais, em S\u00e3o Paulo. Se tornou pouco tempo depois a apresentadora da previs\u00e3o do tempo nos jornal\u00edsticos &#8220;SPTV&#8221;, &#8220;Bom Dia S\u00e3o Paulo&#8221;, &#8220;Bom Dia Brasil&#8221; e tamb\u00e9m no &#8220;Hora 1&#8221;.<\/h3>\n<h3 style=\"text-align: justify;\">Desde abril de 2015, ela \u00e9 a titular da fun\u00e7\u00e3o no &#8220;Jornal Nacional&#8221; e ganhou notoriedade por imprimir um estilo mais descontra\u00eddo na intera\u00e7\u00e3o com o \u00e2ncora William Bonner. Ela \u00e9 a primeira mulher negra a exercer o posto de apresentadora da previs\u00e3o do tempo no &#8220;JN&#8221;.<\/h3>\n","protected":false},"excerpt":{"rendered":"<p>A Justi\u00e7a de S\u00e3o Paulo acolheu a den\u00fancia do Minist\u00e9rio P\u00fablico e transformou em r\u00e9us os quatro acusados de promover ataques racistas contra a jornalista Maria J\u00falia Coutinho, a Maju, apresentadora da previs\u00e3o do tempo do &#8220;Jornal Nacional&#8221;. Eles agora ter\u00e3o que responder na Justi\u00e7a pelos crimes de falsidade ideol\u00f3gica, inj\u00faria, racismo, corrup\u00e7\u00e3o de menores [&hellip;]<\/p>\n","protected":false},"author":2,"featured_media":0,"comment_status":"open","ping_status":"open","sticky":false,"template":"","format":"standard","meta":{"_links_to":"","_links_to_target":""},"categories":[1],"tags":[],"_links":{"self":[{"href":"https:\/\/www.blogdotarugao.com.br\/v1\/wp-json\/wp\/v2\/posts\/66021"}],"collection":[{"href":"https:\/\/www.blogdotarugao.com.br\/v1\/wp-json\/wp\/v2\/posts"}],"about":[{"href":"https:\/\/www.blogdotarugao.com.br\/v1\/wp-json\/wp\/v2\/types\/post"}],"author":[{"embeddable":true,"href":"https:\/\/www.blogdotarugao.com.br\/v1\/wp-json\/wp\/v2\/users\/2"}],"replies":[{"embeddable":true,"href":"https:\/\/www.blogdotarugao.com.br\/v1\/wp-json\/wp\/v2\/comments?post=66021"}],"version-history":[{"count":1,"href":"https:\/\/www.blogdotarugao.com.br\/v1\/wp-json\/wp\/v2\/posts\/66021\/revisions"}],"predecessor-version":[{"id":66023,"href":"https:\/\/www.blogdotarugao.com.br\/v1\/wp-json\/wp\/v2\/posts\/66021\/revisions\/66023"}],"wp:attachment":[{"href":"https:\/\/www.blogdotarugao.com.br\/v1\/wp-json\/wp\/v2\/media?parent=66021"}],"wp:term":[{"taxonomy":"category","embeddable":true,"href":"https:\/\/www.blogdotarugao.com.br\/v1\/wp-json\/wp\/v2\/categories?post=66021"},{"taxonomy":"post_tag","embeddable":true,"href":"https:\/\/www.blogdotarugao.com.br\/v1\/wp-json\/wp\/v2\/tags?post=66021"}],"curies":[{"name":"wp","href":"https:\/\/api.w.org\/{rel}","templated":true}]}}