{"id":66088,"date":"2016-08-01T14:40:36","date_gmt":"2016-08-01T17:40:36","guid":{"rendered":"http:\/\/www.blogdotarugao.com.br\/v1\/?p=66088"},"modified":"2016-08-01T14:55:03","modified_gmt":"2016-08-01T17:55:03","slug":"missa-de-01-ano-em-momoria-de-dra-syrbene-gomes-sera-celebrada-nesta-segunda-feira-01-na-igreja-nossa-senhora-das-gracas","status":"publish","type":"post","link":"https:\/\/www.blogdotarugao.com.br\/v1\/2016\/08\/01\/missa-de-01-ano-em-momoria-de-dra-syrbene-gomes-sera-celebrada-nesta-segunda-feira-01-na-igreja-nossa-senhora-das-gracas\/","title":{"rendered":"MISSA DE 01 ANO EM MOM\u00d3RIA DE DR\u00aa SYRBENE GOMES SER\u00c1 CELEBRADA NESTA SEGUNDA-FEIRA (01) NA IGREJA NOSSA SENHORA DAS GRA\u00c7AS"},"content":{"rendered":"<h3 style=\"text-align: justify;\"><img loading=\"lazy\" class=\"  wp-image-66090 alignleft\" src=\"http:\/\/www.blogdotarugao.com.br\/v1\/wp-content\/uploads\/2016\/08\/Syrbene-Gomes.jpg\" alt=\"Syrbene Gomes\" width=\"585\" height=\"781\" srcset=\"https:\/\/www.blogdotarugao.com.br\/v1\/wp-content\/uploads\/2016\/08\/Syrbene-Gomes.jpg 719w, https:\/\/www.blogdotarugao.com.br\/v1\/wp-content\/uploads\/2016\/08\/Syrbene-Gomes-225x300.jpg 225w\" sizes=\"(max-width: 585px) 100vw, 585px\" \/>Nesta segunda-feira (01) a partir das 19:00 horas, ser\u00e1 celebrada na Igreja Nossa Senhora das Gra\u00e7as, a Missa de 1 ano em mem\u00f3ria da Querida e j\u00e1 Saudosa,\u00a0Dra. Syrbene Oliveira Gomes Silva.<\/h3>\n<h3>Os familiares de Dr\u00aa Syrbene Gomes, ainda consternados com a irrepar\u00e1vel perda de sua ente querido convida a todos(as) amigos(as).<img loading=\"lazy\" class=\"wp-image-66089 alignleft\" src=\"http:\/\/www.blogdotarugao.com.br\/v1\/wp-content\/uploads\/2016\/08\/DR\u00aa.jpg\" alt=\"DR\u00aa\" width=\"584\" height=\"584\" srcset=\"https:\/\/www.blogdotarugao.com.br\/v1\/wp-content\/uploads\/2016\/08\/DR\u00aa.jpg 894w, https:\/\/www.blogdotarugao.com.br\/v1\/wp-content\/uploads\/2016\/08\/DR\u00aa-150x150.jpg 150w, https:\/\/www.blogdotarugao.com.br\/v1\/wp-content\/uploads\/2016\/08\/DR\u00aa-300x300.jpg 300w\" sizes=\"(max-width: 584px) 100vw, 584px\" \/><\/h3>\n<h3 style=\"text-align: justify;\">A fam\u00edlia antecipadamente agradece pelas ora\u00e7\u00f5es e palavras de apoio, e conta com a presen\u00e7a de todos a este ato de f\u00e9 e solidariedade crist\u00e3.<\/h3>\n","protected":false},"excerpt":{"rendered":"<p>Nesta segunda-feira (01) a partir das 19:00 horas, ser\u00e1 celebrada na Igreja Nossa Senhora das Gra\u00e7as, a Missa de 1 ano em mem\u00f3ria da Querida e j\u00e1 Saudosa,\u00a0Dra. Syrbene Oliveira Gomes Silva. Os familiares de Dr\u00aa Syrbene Gomes, ainda consternados com a irrepar\u00e1vel perda de sua ente querido convida a todos(as) amigos(as). A fam\u00edlia antecipadamente [&hellip;]<\/p>\n","protected":false},"author":2,"featured_media":0,"comment_status":"open","ping_status":"open","sticky":false,"template":"","format":"standard","meta":{"_links_to":"","_links_to_target":""},"categories":[1],"tags":[],"_links":{"self":[{"href":"https:\/\/www.blogdotarugao.com.br\/v1\/wp-json\/wp\/v2\/posts\/66088"}],"collection":[{"href":"https:\/\/www.blogdotarugao.com.br\/v1\/wp-json\/wp\/v2\/posts"}],"about":[{"href":"https:\/\/www.blogdotarugao.com.br\/v1\/wp-json\/wp\/v2\/types\/post"}],"author":[{"embeddable":true,"href":"https:\/\/www.blogdotarugao.com.br\/v1\/wp-json\/wp\/v2\/users\/2"}],"replies":[{"embeddable":true,"href":"https:\/\/www.blogdotarugao.com.br\/v1\/wp-json\/wp\/v2\/comments?post=66088"}],"version-history":[{"count":5,"href":"https:\/\/www.blogdotarugao.com.br\/v1\/wp-json\/wp\/v2\/posts\/66088\/revisions"}],"predecessor-version":[{"id":66096,"href":"https:\/\/www.blogdotarugao.com.br\/v1\/wp-json\/wp\/v2\/posts\/66088\/revisions\/66096"}],"wp:attachment":[{"href":"https:\/\/www.blogdotarugao.com.br\/v1\/wp-json\/wp\/v2\/media?parent=66088"}],"wp:term":[{"taxonomy":"category","embeddable":true,"href":"https:\/\/www.blogdotarugao.com.br\/v1\/wp-json\/wp\/v2\/categories?post=66088"},{"taxonomy":"post_tag","embeddable":true,"href":"https:\/\/www.blogdotarugao.com.br\/v1\/wp-json\/wp\/v2\/tags?post=66088"}],"curies":[{"name":"wp","href":"https:\/\/api.w.org\/{rel}","templated":true}]}}