{"id":66276,"date":"2016-08-05T08:24:27","date_gmt":"2016-08-05T11:24:27","guid":{"rendered":"http:\/\/www.blogdotarugao.com.br\/v1\/?p=66276"},"modified":"2016-08-05T08:24:27","modified_gmt":"2016-08-05T11:24:27","slug":"suspeito-de-matar-professora-tem-prisao-revogada","status":"publish","type":"post","link":"https:\/\/www.blogdotarugao.com.br\/v1\/2016\/08\/05\/suspeito-de-matar-professora-tem-prisao-revogada\/","title":{"rendered":"Suspeito de matar professora tem pris\u00e3o revogada"},"content":{"rendered":"<h3 style=\"text-align: justify;\"><img loading=\"lazy\" class=\"  wp-image-66277 alignleft\" src=\"http:\/\/www.blogdotarugao.com.br\/v1\/wp-content\/uploads\/2016\/08\/003.jpg\" alt=\"003\" width=\"584\" height=\"371\" srcset=\"https:\/\/www.blogdotarugao.com.br\/v1\/wp-content\/uploads\/2016\/08\/003.jpg 800w, https:\/\/www.blogdotarugao.com.br\/v1\/wp-content\/uploads\/2016\/08\/003-300x191.jpg 300w\" sizes=\"(max-width: 584px) 100vw, 584px\" \/>O suspeito de assassinar a professora Ienata Pedreira Rios, de 35 anos, em Riach\u00e3o do Jacu\u00edpe, no dia 3 de julho, teve a pris\u00e3o tempor\u00e1ria revogada na tarde de quinta-feira (4), ap\u00f3s expirar o prazo regulamentar de 30 dias. Ex-noivo da v\u00edtima, C\u00e1ssio Fabr\u00edcio Carneiro estava preso na delegacia de Teofil\u00e2ndia.<\/h3>\n<h3 style=\"text-align: justify;\"><\/h3>\n<h3 style=\"text-align: justify;\">Segundo o delegado S\u00e9rgio de Ara\u00fajo Vasconcelos, respons\u00e1vel pelo caso, a Justi\u00e7a revogou a pris\u00e3o por n\u00e3o haver novos ind\u00edcios para prorroga\u00e7\u00e3o, j\u00e1 que exames do Departamento de Pol\u00edcia T\u00e9cnica (DPT) n\u00e3o foram apresentados em tempo h\u00e1bil.\u00a0O delegado afirmou ainda que continuar\u00e1 as investiga\u00e7\u00f5es. Enquanto isso, o acusado responde em liberdade.<\/h3>\n<h3 style=\"text-align: justify;\"><\/h3>\n<h3 style=\"text-align: justify;\"><a href=\"http:\/\/www.bocaonews.com.br\/noticias\/policia\/policia\/148099,professora-e-encontrada-morta-a-facadas-em-riachao-do-jacuipe.html\">Ienata Pedreira Rios foi morta a facadas dentro da casa onde morava<\/a>, em Riach\u00e3o do Jacu\u00edpe. No dia do crime, o filho adolescente da professora n\u00e3o estava em casa. C\u00e1ssio foi preso tr\u00eas dias depois do assassinato.<\/h3>\n","protected":false},"excerpt":{"rendered":"<p>O suspeito de assassinar a professora Ienata Pedreira Rios, de 35 anos, em Riach\u00e3o do Jacu\u00edpe, no dia 3 de julho, teve a pris\u00e3o tempor\u00e1ria revogada na tarde de quinta-feira (4), ap\u00f3s expirar o prazo regulamentar de 30 dias. Ex-noivo da v\u00edtima, C\u00e1ssio Fabr\u00edcio Carneiro estava preso na delegacia de Teofil\u00e2ndia. Segundo o delegado S\u00e9rgio [&hellip;]<\/p>\n","protected":false},"author":2,"featured_media":0,"comment_status":"open","ping_status":"open","sticky":false,"template":"","format":"standard","meta":{"_links_to":"","_links_to_target":""},"categories":[1],"tags":[],"_links":{"self":[{"href":"https:\/\/www.blogdotarugao.com.br\/v1\/wp-json\/wp\/v2\/posts\/66276"}],"collection":[{"href":"https:\/\/www.blogdotarugao.com.br\/v1\/wp-json\/wp\/v2\/posts"}],"about":[{"href":"https:\/\/www.blogdotarugao.com.br\/v1\/wp-json\/wp\/v2\/types\/post"}],"author":[{"embeddable":true,"href":"https:\/\/www.blogdotarugao.com.br\/v1\/wp-json\/wp\/v2\/users\/2"}],"replies":[{"embeddable":true,"href":"https:\/\/www.blogdotarugao.com.br\/v1\/wp-json\/wp\/v2\/comments?post=66276"}],"version-history":[{"count":1,"href":"https:\/\/www.blogdotarugao.com.br\/v1\/wp-json\/wp\/v2\/posts\/66276\/revisions"}],"predecessor-version":[{"id":66278,"href":"https:\/\/www.blogdotarugao.com.br\/v1\/wp-json\/wp\/v2\/posts\/66276\/revisions\/66278"}],"wp:attachment":[{"href":"https:\/\/www.blogdotarugao.com.br\/v1\/wp-json\/wp\/v2\/media?parent=66276"}],"wp:term":[{"taxonomy":"category","embeddable":true,"href":"https:\/\/www.blogdotarugao.com.br\/v1\/wp-json\/wp\/v2\/categories?post=66276"},{"taxonomy":"post_tag","embeddable":true,"href":"https:\/\/www.blogdotarugao.com.br\/v1\/wp-json\/wp\/v2\/tags?post=66276"}],"curies":[{"name":"wp","href":"https:\/\/api.w.org\/{rel}","templated":true}]}}