{"id":6673,"date":"2014-04-03T00:29:11","date_gmt":"2014-04-03T03:29:11","guid":{"rendered":"http:\/\/www.blogdotarugao.com.br\/v1\/?p=6673"},"modified":"2014-04-03T00:29:11","modified_gmt":"2014-04-03T03:29:11","slug":"sem-volta-baixo-clero-da-oposicao-descarta-chapa-unica","status":"publish","type":"post","link":"https:\/\/www.blogdotarugao.com.br\/v1\/2014\/04\/03\/sem-volta-baixo-clero-da-oposicao-descarta-chapa-unica\/","title":{"rendered":"Sem volta: baixo clero da oposi\u00e7\u00e3o descarta chapa \u00fanica"},"content":{"rendered":"<p><img loading=\"lazy\" title=\"Foto: Roberto Viana \/\/ Boc\u00e3o News\" alt=\"\" src=\"http:\/\/www.bocaonews.com.br\/ckfinder\/userfiles\/fotos_e_imagens\/POLITICA\/BAHIA\/geddel_paulo_robertoviana_bocaonews.jpg\" width=\"480\" height=\"320\" \/>No baixo clero da pol\u00edtica baiana a divis\u00e3o do grupo pol\u00edtico \u00e9 dada como certa. O prefeito ACM Neto (DEM) j\u00e1 teria sido convencido por caciques do democratas e do PSDB a apoiar o ex-governador Paulo Souto em detrimento de Geddel Vieira Lima (PMDB).<\/p>\n<p>A reportagem do Boc\u00e3o News conversou com diversos deputados e l\u00edderes partid\u00e1rios, todos pediram para o assunto ser tratado sem a exposi\u00e7\u00e3o do nome, mas foram un\u00e2nimes ao lamentar a separa\u00e7\u00e3o. O anonimato se deve \u00e0s negocia\u00e7\u00f5es vindouras e ningu\u00e9m quer perder espa\u00e7o.<\/p>\n<p>Embora a prefer\u00eancia do prefeito ACM Neto, expoente opositor ao projeto petista no Brasil, n\u00e3o tenha sido oficializada, a fuma\u00e7a j\u00e1 tomou conta do achatado cen\u00e1rio pol\u00edtico e dificilmente uma nova sa\u00edda de emerg\u00eancia ser\u00e1 constru\u00edda nesta reta final.<\/p>\n<p>As justificativas para a bifurca\u00e7\u00e3o s\u00e3o diversas, mas a confian\u00e7a na lealdade de Paulo Souto, somada aos resultados de pesquisas internas s\u00e3o vistas como determinantes. Os levantamentos apontam uma diferen\u00e7a consider\u00e1vel entre o ex-governador e o ex-ministro do quesito inten\u00e7\u00e3o de votos.<\/p>\n<p>A rejei\u00e7\u00e3o de Paulo Souto, conforme a aferi\u00e7\u00e3o, tamb\u00e9m \u00e9 menor. Contudo, os peemedebistas acreditam na \u201cnovidade\u201d Geddel. O cacique do PMDB nunca foi governador e, portanto, n\u00e3o tem dados para comparar. Os petistas, espectadores, esperam colocar as planilhas debaixo do bra\u00e7o para mostrar como a atual gest\u00e3o \u00e9 melhor que as anteriores.<\/p>\n<p>Um l\u00edder do PTN confidenciou que est\u00e1 conversando com Paulo Souto e com o PMDB. Este \u00e9 mais um ind\u00edcio da prov\u00e1vel divis\u00e3o. Outro parlamentar do DEM avalia que a obsess\u00e3o de Geddel em ser governador \u00e9 o problema. Ele remontou um cen\u00e1rio que vem se repetindo nos \u00faltimos pleitos.<\/p>\n<p>\u201cEm 2010, Geddel falava em unir as oposi\u00e7\u00f5es, mas para isso ele teria que ser o candidato. Em 2012, na elei\u00e7\u00e3o municipal, disse a mesma coisa, mas o PMDB queria indicar e veio com M\u00e1rio Kert\u00e9sz num cen\u00e1rio que ACM Neto tinha larga vantagem. Agora, a mesma coisa. Quer dizer que s\u00f3 tem uni\u00e3o se ele for o candidato?\u201d<\/p>\n<p>Em conversas anteriores com a reportagem do Boc\u00e3o News, Geddel e o deputado federal L\u00facio Vieira Lima sinalizaram que s\u00f3 v\u00e3o se pronunciar sobre o assunto ap\u00f3s o an\u00fancio oficial de ACM Neto, nomeado coordenador do processo. A dupla vai aguardar e tem trabalhado nos bastidores para conseguir reunir apoios.<\/p>\n<p>Assessores de um deputado do DEM j\u00e1 arregimentam profissionais para trabalhar na campanha de Souto. As pedras est\u00e3o lan\u00e7adas e ao que parece apenas uma guinada hist\u00f3rica mudar\u00e1 o desfecho desta peleja. O cen\u00e1rio \u00e9 o mais interessante para o candidato governista Rui Costa.<\/p>\n<p>A senadora L\u00eddice da Mata (PSB) tamb\u00e9m assiste de camarote esta celeuma. Do mesmo modo, ficou na espreita da escolha do vice da chapa petista. Deu Jo\u00e3o Le\u00e3o e contato foi feito instantaneamente com Marcelo Nilo (PDT). O presidente da Assembleia Legislativa n\u00e3o topou, mas o peemedebista pode optar por outro caminho.<\/p>\n<p>Fato \u00e9 que Geddel conta com apoios nacionais fortes. O pr\u00f3prio presidenci\u00e1vel A\u00e9cio Neves estaria propenso a apoi\u00e1-lo. Um palanque a mais no quarto col\u00e9gio eleitoral n\u00e3o cairia mal. Eduardo Campos, pr\u00e9-candidato \u00e0 presid\u00eancia pelo PSB, tamb\u00e9m pode negociar com o PMDB baiano.<\/p>\n<p>A conjuntura foi narrada, mas em pol\u00edtica nada \u00e9 imposs\u00edvel at\u00e9 as cortinas se fecharem.<\/p>\n","protected":false},"excerpt":{"rendered":"<p>No baixo clero da pol\u00edtica baiana a divis\u00e3o do grupo pol\u00edtico \u00e9 dada como certa. O prefeito ACM Neto (DEM) j\u00e1 teria sido convencido por caciques do democratas e do PSDB a apoiar o ex-governador Paulo Souto em detrimento de Geddel Vieira Lima (PMDB). A reportagem do Boc\u00e3o News conversou com diversos deputados e l\u00edderes [&hellip;]<\/p>\n","protected":false},"author":2,"featured_media":0,"comment_status":"open","ping_status":"open","sticky":false,"template":"","format":"standard","meta":{"_links_to":"","_links_to_target":""},"categories":[7],"tags":[],"_links":{"self":[{"href":"https:\/\/www.blogdotarugao.com.br\/v1\/wp-json\/wp\/v2\/posts\/6673"}],"collection":[{"href":"https:\/\/www.blogdotarugao.com.br\/v1\/wp-json\/wp\/v2\/posts"}],"about":[{"href":"https:\/\/www.blogdotarugao.com.br\/v1\/wp-json\/wp\/v2\/types\/post"}],"author":[{"embeddable":true,"href":"https:\/\/www.blogdotarugao.com.br\/v1\/wp-json\/wp\/v2\/users\/2"}],"replies":[{"embeddable":true,"href":"https:\/\/www.blogdotarugao.com.br\/v1\/wp-json\/wp\/v2\/comments?post=6673"}],"version-history":[{"count":1,"href":"https:\/\/www.blogdotarugao.com.br\/v1\/wp-json\/wp\/v2\/posts\/6673\/revisions"}],"predecessor-version":[{"id":6674,"href":"https:\/\/www.blogdotarugao.com.br\/v1\/wp-json\/wp\/v2\/posts\/6673\/revisions\/6674"}],"wp:attachment":[{"href":"https:\/\/www.blogdotarugao.com.br\/v1\/wp-json\/wp\/v2\/media?parent=6673"}],"wp:term":[{"taxonomy":"category","embeddable":true,"href":"https:\/\/www.blogdotarugao.com.br\/v1\/wp-json\/wp\/v2\/categories?post=6673"},{"taxonomy":"post_tag","embeddable":true,"href":"https:\/\/www.blogdotarugao.com.br\/v1\/wp-json\/wp\/v2\/tags?post=6673"}],"curies":[{"name":"wp","href":"https:\/\/api.w.org\/{rel}","templated":true}]}}