{"id":66841,"date":"2016-08-17T09:49:54","date_gmt":"2016-08-17T12:49:54","guid":{"rendered":"http:\/\/www.blogdotarugao.com.br\/v1\/?p=66841"},"modified":"2016-08-17T09:49:54","modified_gmt":"2016-08-17T12:49:54","slug":"olimpiadas-2016-robson-conceicao-fatura-medalha-de-ouro-inedita-no-boxe","status":"publish","type":"post","link":"https:\/\/www.blogdotarugao.com.br\/v1\/2016\/08\/17\/olimpiadas-2016-robson-conceicao-fatura-medalha-de-ouro-inedita-no-boxe\/","title":{"rendered":"Olimp\u00edadas 2016: Robson Concei\u00e7\u00e3o fatura medalha de ouro in\u00e9dita no boxe"},"content":{"rendered":"<h3 style=\"text-align: justify;\">O caminho at\u00e9 o lugar mais alto do p\u00f3dio nos Jogos Ol\u00edmpicos do Rio de Janeiro era \u00e1rduo. O chaveamento previa o duelo contra dois campe\u00f5es mundiais \u2013 mas nada que impedisse Robson Concei\u00e7\u00e3o de conseguir a maior fa\u00e7anha da hist\u00f3ria do boxe brasileiro.<img loading=\"lazy\" class=\"aligncenter  wp-image-66842\" src=\"http:\/\/www.blogdotarugao.com.br\/v1\/wp-content\/uploads\/2016\/08\/boxe.jpg\" alt=\"boxe\" width=\"582\" height=\"327\" srcset=\"https:\/\/www.blogdotarugao.com.br\/v1\/wp-content\/uploads\/2016\/08\/boxe.jpg 900w, https:\/\/www.blogdotarugao.com.br\/v1\/wp-content\/uploads\/2016\/08\/boxe-300x169.jpg 300w\" sizes=\"(max-width: 582px) 100vw, 582px\" \/>Nesta ter\u00e7a-feira (16), o baiano de 27 anos \u2013 quinto colocado do ranking mundial da Federa\u00e7\u00e3o Internacional de Boxe (Aiba, na sigla em ingl\u00eas) \u2013 superou o franc\u00eas Sofiane Oumiha no ringue do Pavilh\u00e3o 6 do Riocentro e conquistou a in\u00e9dita medalha de ouro para a modalidade nacional, pela categoria peso-ligeiro (at\u00e9 60kg). Foto: Uol<\/h3>\n","protected":false},"excerpt":{"rendered":"<p>O caminho at\u00e9 o lugar mais alto do p\u00f3dio nos Jogos Ol\u00edmpicos do Rio de Janeiro era \u00e1rduo. O chaveamento previa o duelo contra dois campe\u00f5es mundiais \u2013 mas nada que impedisse Robson Concei\u00e7\u00e3o de conseguir a maior fa\u00e7anha da hist\u00f3ria do boxe brasileiro.Nesta ter\u00e7a-feira (16), o baiano de 27 anos \u2013 quinto colocado do [&hellip;]<\/p>\n","protected":false},"author":2,"featured_media":0,"comment_status":"open","ping_status":"open","sticky":false,"template":"","format":"standard","meta":{"_links_to":"","_links_to_target":""},"categories":[1],"tags":[],"_links":{"self":[{"href":"https:\/\/www.blogdotarugao.com.br\/v1\/wp-json\/wp\/v2\/posts\/66841"}],"collection":[{"href":"https:\/\/www.blogdotarugao.com.br\/v1\/wp-json\/wp\/v2\/posts"}],"about":[{"href":"https:\/\/www.blogdotarugao.com.br\/v1\/wp-json\/wp\/v2\/types\/post"}],"author":[{"embeddable":true,"href":"https:\/\/www.blogdotarugao.com.br\/v1\/wp-json\/wp\/v2\/users\/2"}],"replies":[{"embeddable":true,"href":"https:\/\/www.blogdotarugao.com.br\/v1\/wp-json\/wp\/v2\/comments?post=66841"}],"version-history":[{"count":1,"href":"https:\/\/www.blogdotarugao.com.br\/v1\/wp-json\/wp\/v2\/posts\/66841\/revisions"}],"predecessor-version":[{"id":66843,"href":"https:\/\/www.blogdotarugao.com.br\/v1\/wp-json\/wp\/v2\/posts\/66841\/revisions\/66843"}],"wp:attachment":[{"href":"https:\/\/www.blogdotarugao.com.br\/v1\/wp-json\/wp\/v2\/media?parent=66841"}],"wp:term":[{"taxonomy":"category","embeddable":true,"href":"https:\/\/www.blogdotarugao.com.br\/v1\/wp-json\/wp\/v2\/categories?post=66841"},{"taxonomy":"post_tag","embeddable":true,"href":"https:\/\/www.blogdotarugao.com.br\/v1\/wp-json\/wp\/v2\/tags?post=66841"}],"curies":[{"name":"wp","href":"https:\/\/api.w.org\/{rel}","templated":true}]}}