{"id":67020,"date":"2016-08-21T20:20:02","date_gmt":"2016-08-21T23:20:02","guid":{"rendered":"http:\/\/www.blogdotarugao.com.br\/v1\/?p=67020"},"modified":"2016-08-21T20:20:02","modified_gmt":"2016-08-21T23:20:02","slug":"colisao-entre-carro-e-moto-deixa-motociclista-ferido-gravemente-na-ba-634-proximo-a-itambe","status":"publish","type":"post","link":"https:\/\/www.blogdotarugao.com.br\/v1\/2016\/08\/21\/colisao-entre-carro-e-moto-deixa-motociclista-ferido-gravemente-na-ba-634-proximo-a-itambe\/","title":{"rendered":"Colis\u00e3o entre carro e moto deixa motociclista ferido gravemente na BA-634, pr\u00f3ximo a Itamb\u00e9"},"content":{"rendered":"<h3 style=\"text-align: justify;\"><img loading=\"lazy\" class=\"  wp-image-67021 alignleft\" src=\"http:\/\/www.blogdotarugao.com.br\/v1\/wp-content\/uploads\/2016\/08\/coli.jpg\" alt=\"coli\" width=\"584\" height=\"364\" srcset=\"https:\/\/www.blogdotarugao.com.br\/v1\/wp-content\/uploads\/2016\/08\/coli.jpg 640w, https:\/\/www.blogdotarugao.com.br\/v1\/wp-content\/uploads\/2016\/08\/coli-300x187.jpg 300w\" sizes=\"(max-width: 584px) 100vw, 584px\" \/>Na noite deste s\u00e1bado (20), aconteceu um grave acidente, com colis\u00e3o entre um ve\u00edculo e uma motocicleta na BA-634, rodovia que liga os munic\u00edpios de Itamb\u00e9 a Ribeir\u00e3o do Largo. O acidente que aconteceu por volta das 19:00h, nas proximidades da localidade\u00a0 conhecida como Fazenda do Deputado deixou o motociclista ferido gravemente.<\/h3>\n<h3 style=\"text-align: justify;\">De acordo com informa\u00e7\u00f5es, o ve\u00edculo modelo Fiat Uno, com placa de Itamb\u00e9, trafegava na rodovia, sentido Itamb\u00e9, com 3 pessoas abordo que acabara de participar de um vel\u00f3rio na cidade de Ribeir\u00e3o do Largo, se envolveu em uma\u00a0 colis\u00e3o com a motocicleta, que ao tentar desviar-se da mesma acabou perdendo o controle e capotando na pista. O ve\u00edculo parou ap\u00f3s se chocar com o pared\u00e3o de rocha \u00e0s margens da rodovia.<img loading=\"lazy\" class=\" alignleft\" src=\"https:\/\/1.bp.blogspot.com\/-ajrcv83t_t4\/V7oJHGQZLII\/AAAAAAABceg\/WXqx7AAvYbgUI9k5AcpQkC_19Hpj5W0QgCEw\/s640\/Itambagora.jpg\" alt=\"\" width=\"584\" height=\"421\" \/><\/h3>\n<h3 style=\"text-align: justify;\">Ant\u00f4nio Azevedo de Santana, de 45 anos \u2013 condutor da moto, teve fraturas m\u00faltiplas na perna esquerda sendo que na parte inferior foi fratura exposta, al\u00e9m de varias escoria\u00e7\u00f5es pelo corpo. O Samu foi acionado e, ap\u00f3s estabilizar a v\u00edtima, o conduziu a Santa Casa de Miseric\u00f3rdia para procedimentos emergenciais urgentes, sendo transferida posteriormente para o Hospital de Base de Vit\u00f3ria da Conquista, onde permanece aos cuidados m\u00e9dicos, ap\u00f3s cirurgia.<img loading=\"lazy\" class=\" alignleft\" src=\"https:\/\/1.bp.blogspot.com\/-oHJVUq4IMfQ\/V7oJPGOE2GI\/AAAAAAABcek\/4Pi1wm7PlmsJ_QKpjq7ygDQ5emEuUobhgCLcB\/s640\/Itambagora_4.jpg\" alt=\"\" width=\"584\" height=\"437\" \/><\/h3>\n<h3 style=\"text-align: justify;\">J\u00e1 as pessoas que estavam no carro n\u00e3o sofreram ferimentos graves e, portanto, n\u00e3o necessitou da interven\u00e7\u00e3o do Samu. Todos s\u00e3o moradores da cidade de Itamb\u00e9.<\/h3>\n<h3 style=\"text-align: justify;\">A Pol\u00edcia Militar de Itamb\u00e9 esteve no local para registro de ocorr\u00eancia.<\/h3>\n<h3 style=\"text-align: justify;\">Fonte: Itamb\u00e9 Agora<\/h3>\n","protected":false},"excerpt":{"rendered":"<p>Na noite deste s\u00e1bado (20), aconteceu um grave acidente, com colis\u00e3o entre um ve\u00edculo e uma motocicleta na BA-634, rodovia que liga os munic\u00edpios de Itamb\u00e9 a Ribeir\u00e3o do Largo. O acidente que aconteceu por volta das 19:00h, nas proximidades da localidade\u00a0 conhecida como Fazenda do Deputado deixou o motociclista ferido gravemente. De acordo com [&hellip;]<\/p>\n","protected":false},"author":2,"featured_media":0,"comment_status":"open","ping_status":"open","sticky":false,"template":"","format":"standard","meta":{"_links_to":"","_links_to_target":""},"categories":[1],"tags":[],"_links":{"self":[{"href":"https:\/\/www.blogdotarugao.com.br\/v1\/wp-json\/wp\/v2\/posts\/67020"}],"collection":[{"href":"https:\/\/www.blogdotarugao.com.br\/v1\/wp-json\/wp\/v2\/posts"}],"about":[{"href":"https:\/\/www.blogdotarugao.com.br\/v1\/wp-json\/wp\/v2\/types\/post"}],"author":[{"embeddable":true,"href":"https:\/\/www.blogdotarugao.com.br\/v1\/wp-json\/wp\/v2\/users\/2"}],"replies":[{"embeddable":true,"href":"https:\/\/www.blogdotarugao.com.br\/v1\/wp-json\/wp\/v2\/comments?post=67020"}],"version-history":[{"count":1,"href":"https:\/\/www.blogdotarugao.com.br\/v1\/wp-json\/wp\/v2\/posts\/67020\/revisions"}],"predecessor-version":[{"id":67022,"href":"https:\/\/www.blogdotarugao.com.br\/v1\/wp-json\/wp\/v2\/posts\/67020\/revisions\/67022"}],"wp:attachment":[{"href":"https:\/\/www.blogdotarugao.com.br\/v1\/wp-json\/wp\/v2\/media?parent=67020"}],"wp:term":[{"taxonomy":"category","embeddable":true,"href":"https:\/\/www.blogdotarugao.com.br\/v1\/wp-json\/wp\/v2\/categories?post=67020"},{"taxonomy":"post_tag","embeddable":true,"href":"https:\/\/www.blogdotarugao.com.br\/v1\/wp-json\/wp\/v2\/tags?post=67020"}],"curies":[{"name":"wp","href":"https:\/\/api.w.org\/{rel}","templated":true}]}}