{"id":67214,"date":"2016-08-24T14:00:09","date_gmt":"2016-08-24T17:00:09","guid":{"rendered":"http:\/\/www.blogdotarugao.com.br\/v1\/?p=67214"},"modified":"2016-08-24T14:00:09","modified_gmt":"2016-08-24T17:00:09","slug":"jaguaquara-colisao-entre-onibus-escolar-e-carro-deixa-tres-feridos","status":"publish","type":"post","link":"https:\/\/www.blogdotarugao.com.br\/v1\/2016\/08\/24\/jaguaquara-colisao-entre-onibus-escolar-e-carro-deixa-tres-feridos\/","title":{"rendered":"Jaguaquara: Colis\u00e3o entre \u00f4nibus escolar e carro deixa tr\u00eas feridos"},"content":{"rendered":"<h3 style=\"text-align: justify;\">\u00a0<img loading=\"lazy\" class=\"aligncenter  wp-image-67216\" src=\"http:\/\/www.blogdotarugao.com.br\/v1\/wp-content\/uploads\/2016\/08\/bus.jpg\" alt=\"bus\" width=\"580\" height=\"427\" srcset=\"https:\/\/www.blogdotarugao.com.br\/v1\/wp-content\/uploads\/2016\/08\/bus.jpg 380w, https:\/\/www.blogdotarugao.com.br\/v1\/wp-content\/uploads\/2016\/08\/bus-300x221.jpg 300w\" sizes=\"(max-width: 580px) 100vw, 580px\" \/>Pelo menos tr\u00eas pessoas ficaram feridas em um acidente que envolveu um \u00f4nibus escolar e um carro na BA-545, trecho de Jaguaquara, no Vale do Jiquiri\u00e7\u00e1 na noite desta ter\u00e7a-feira (23). Conforme a Pol\u00edcia Militar, um carro, Uno, colidiu de frente com o coletivo escolar na altura do residencial Jardim das Flores, que fica na margem da estrada.<img loading=\"lazy\" class=\"aligncenter  wp-image-67217\" src=\"http:\/\/www.blogdotarugao.com.br\/v1\/wp-content\/uploads\/2016\/08\/bus1.jpg\" alt=\"bus1\" width=\"581\" height=\"412\" srcset=\"https:\/\/www.blogdotarugao.com.br\/v1\/wp-content\/uploads\/2016\/08\/bus1.jpg 640w, https:\/\/www.blogdotarugao.com.br\/v1\/wp-content\/uploads\/2016\/08\/bus1-300x213.jpg 300w\" sizes=\"(max-width: 581px) 100vw, 581px\" \/> O condutor do carro, com graves ferimentos, foi socorrido para o Hospital Prado Valadares, em Jequi\u00e9. Uma crian\u00e7a e uma mulher que viajavam no carro de passeio tamb\u00e9m ficaram feridas e foram conduzidas para unidades de sa\u00fade da regi\u00e3o. \u00a0De acordo com o Blog do Marcos Frahm, ningu\u00e9m do \u00f4nibus ficou ferido. O \u00f4nibus escolar presta servi\u00e7os para a prefeitura de Jaguaquara e transportava mais de 30 passageiros, mas n\u00e3o h\u00e1 informa\u00e7\u00f5es se eram estudantes e nem foi revelado o destino do ve\u00edculo que chegava da zona rural. O condutor fugiu do local ap\u00f3s a colis\u00e3o.<\/h3>\n","protected":false},"excerpt":{"rendered":"<p>\u00a0Pelo menos tr\u00eas pessoas ficaram feridas em um acidente que envolveu um \u00f4nibus escolar e um carro na BA-545, trecho de Jaguaquara, no Vale do Jiquiri\u00e7\u00e1 na noite desta ter\u00e7a-feira (23). Conforme a Pol\u00edcia Militar, um carro, Uno, colidiu de frente com o coletivo escolar na altura do residencial Jardim das Flores, que fica na [&hellip;]<\/p>\n","protected":false},"author":2,"featured_media":0,"comment_status":"open","ping_status":"open","sticky":false,"template":"","format":"standard","meta":{"_links_to":"","_links_to_target":""},"categories":[37,5,1],"tags":[],"_links":{"self":[{"href":"https:\/\/www.blogdotarugao.com.br\/v1\/wp-json\/wp\/v2\/posts\/67214"}],"collection":[{"href":"https:\/\/www.blogdotarugao.com.br\/v1\/wp-json\/wp\/v2\/posts"}],"about":[{"href":"https:\/\/www.blogdotarugao.com.br\/v1\/wp-json\/wp\/v2\/types\/post"}],"author":[{"embeddable":true,"href":"https:\/\/www.blogdotarugao.com.br\/v1\/wp-json\/wp\/v2\/users\/2"}],"replies":[{"embeddable":true,"href":"https:\/\/www.blogdotarugao.com.br\/v1\/wp-json\/wp\/v2\/comments?post=67214"}],"version-history":[{"count":1,"href":"https:\/\/www.blogdotarugao.com.br\/v1\/wp-json\/wp\/v2\/posts\/67214\/revisions"}],"predecessor-version":[{"id":67218,"href":"https:\/\/www.blogdotarugao.com.br\/v1\/wp-json\/wp\/v2\/posts\/67214\/revisions\/67218"}],"wp:attachment":[{"href":"https:\/\/www.blogdotarugao.com.br\/v1\/wp-json\/wp\/v2\/media?parent=67214"}],"wp:term":[{"taxonomy":"category","embeddable":true,"href":"https:\/\/www.blogdotarugao.com.br\/v1\/wp-json\/wp\/v2\/categories?post=67214"},{"taxonomy":"post_tag","embeddable":true,"href":"https:\/\/www.blogdotarugao.com.br\/v1\/wp-json\/wp\/v2\/tags?post=67214"}],"curies":[{"name":"wp","href":"https:\/\/api.w.org\/{rel}","templated":true}]}}