{"id":67258,"date":"2016-08-25T16:58:38","date_gmt":"2016-08-25T19:58:38","guid":{"rendered":"http:\/\/www.blogdotarugao.com.br\/v1\/?p=67258"},"modified":"2016-08-25T16:58:38","modified_gmt":"2016-08-25T19:58:38","slug":"ifba-abre-concurso-publico-com-193-vagas-para-professores-de-diversas-areas","status":"publish","type":"post","link":"https:\/\/www.blogdotarugao.com.br\/v1\/2016\/08\/25\/ifba-abre-concurso-publico-com-193-vagas-para-professores-de-diversas-areas\/","title":{"rendered":"IFBA abre concurso p\u00fablico com 193 vagas para professores de diversas \u00e1reas"},"content":{"rendered":"<h3 style=\"text-align: justify;\"><img loading=\"lazy\" class=\"  wp-image-67259 alignleft\" src=\"http:\/\/www.blogdotarugao.com.br\/v1\/wp-content\/uploads\/2016\/08\/if.jpg\" alt=\"if\" width=\"584\" height=\"388\" srcset=\"https:\/\/www.blogdotarugao.com.br\/v1\/wp-content\/uploads\/2016\/08\/if.jpg 677w, https:\/\/www.blogdotarugao.com.br\/v1\/wp-content\/uploads\/2016\/08\/if-300x199.jpg 300w\" sizes=\"(max-width: 584px) 100vw, 584px\" \/>O Instituto Federal de Educa\u00e7\u00e3o, Ci\u00eancia e Tecnologia da Bahia \u2013 IFBA abre concurso p\u00fablico destinado ao provimento de 193 vagas\u00a0 de Professor do Ensino B\u00e1sico, T\u00e9cnico e Tecnol\u00f3gico. O anuncio\u00a0foi feito nesta quarta-feira (24\/08), no Di\u00e1rio Oficial da Uni\u00e3o.<\/h3>\n<div>\n<h3 style=\"text-align: justify;\">Os candidatos aprovados ser\u00e3o contratados pelo regime jur\u00eddico estatut\u00e1rio, nos termos da Lei 8.112\/90, que assegura a estabilidade no cargo ap\u00f3s a aprova\u00e7\u00e3o no est\u00e1gio probat\u00f3rio (3 anos de efetivo exerc\u00edcio).<\/h3>\n<h3 style=\"text-align: justify;\"><\/h3>\n<h3 style=\"text-align: justify;\"><b>Vencimento inicial:<\/b><\/h3>\n<h3 style=\"text-align: justify;\"><i>Professor do Ensino B\u00e1sico, T\u00e9cnico e Tecnol\u00f3gico<\/i><\/h3>\n<ul style=\"text-align: justify;\">\n<li>\n<h3>Gradua\u00e7\u00e3o<b>: <\/b>R$ 2.129,80 ou<b> <\/b>R$ 4.234,77 (20 horas semanais e 40 horas semanais com dedica\u00e7\u00e3o exclusiva, respectivamente).<\/h3>\n<\/li>\n<\/ul>\n<h3 style=\"text-align: justify;\"><b>Jornada de trabalho:<\/b><br \/>\nProfessor do Ensino B\u00e1sico, T\u00e9cnico e Tecnol\u00f3gico<\/h3>\n<ul>\n<li style=\"text-align: justify;\">\n<h3>20 horas semanais ou<\/h3>\n<\/li>\n<li>\n<h3 style=\"text-align: justify;\">40 horas semanais com dedica\u00e7\u00e3o exclusiva<\/h3>\n<\/li>\n<\/ul>\n<h3><b>Benef\u00edcios:<\/b><\/h3>\n<ul style=\"text-align: justify;\">\n<li>\n<h3>Aux\u00edlio Alimenta\u00e7\u00e3o no valor de R$ 458,00;<\/h3>\n<\/li>\n<li>\n<h3>Ressarcimento parcial de despesas com plano de sa\u00fade, no valor de R$ 101,56 a R$ 205,63, vari\u00e1vel conforme a remunera\u00e7\u00e3o e a idade do titular e dependentes;<\/h3>\n<\/li>\n<li>\n<h3>Assist\u00eancia Pr\u00e9-Escolar para dependentes com faixa et\u00e1ria de 0 a 5 anos de idade, no valor de R$ 321,00;<\/h3>\n<\/li>\n<li>\n<h3>Aux\u00edlio Transporte, nos termos da legisla\u00e7\u00e3o vigente;<\/h3>\n<\/li>\n<li>\n<h3>Para jornada de 20 horas semanais: Retribui\u00e7\u00e3o por Titula\u00e7\u00e3o no valor de R$ 90,90; R$ 163,61; R$ 506,41 e R$ 1.017,89 desde que o rec\u00e9m-contratado possua certificado de curso de aperfei\u00e7oamento ou seja portador do t\u00edtulo de especialista, mestre ou doutor, respectivamente.<\/h3>\n<\/li>\n<li>\n<h3>Para jornada de 40 horas semanais com dedica\u00e7\u00e3o exclusiva: Retribui\u00e7\u00e3o por Titula\u00e7\u00e3o no valor de R$ 372,39; R$ 650,76; R$2.038,24\u00a0 e R$ 4.879,90, desde que o rec\u00e9m-contratado possua certificado de curso de aperfei\u00e7oamento ou seja portador do t\u00edtulo de especialista, mestre ou doutor, respectivamente.<\/h3>\n<\/li>\n<\/ul>\n<h3 style=\"text-align: justify;\"><b>Cargos \/ \u00c1reas de atua\u00e7\u00e3o \/ N\u00famero de vagas:<\/b><\/h3>\n<h3><!--more--><\/h3>\n<h3 style=\"text-align: justify;\"><\/h3>\n<h3 style=\"text-align: justify;\">Administra\u00e7\u00e3o (6); Arquitetura e Urbanismo (6); Arquitetura e Urbanismo e Desenho Arquitet\u00f4nico Assistido por Computador (2); Artes (4); Biologia (3); Ci\u00eancia da Computa\u00e7\u00e3o (20); Ci\u00eancia da Computa\u00e7\u00e3o aplicada \u00e0 Educa\u00e7\u00e3o (2); Ci\u00eancia da Computa\u00e7\u00e3o: Arquitetura de Computadores e Sistemas Operacionais (2); Ci\u00eancia da Computa\u00e7\u00e3o: Banco de Dados (1); Ci\u00eancia da Computa\u00e7\u00e3o: Programa\u00e7\u00e3o e Engenharia de Software (7); Ci\u00eancia da Computa\u00e7\u00e3o: Redes de Computadores e Sistemas Distribu\u00eddos (3); Constru\u00e7\u00e3o Civil (5); Constru\u00e7\u00e3o Civil e Estruturas (4); Constru\u00e7\u00e3o Civil e Topografia (1); Contabilidade (1); Desenho (1); Design Gr\u00e1fico (1); Direito (2); Economia (1); Educa\u00e7\u00e3o F\u00edsica (4); Educa\u00e7\u00e3o Matem\u00e1tica (1); Engenharia Ambiental (1); Engenharia Ambiental e Sanit\u00e1ria (1); Engenharia de Alimentos (2); Engenharia de Minas (2); Engenharia de transportes (1); Engenharia e Higiene e Seguran\u00e7a do Trabalho (4); Engenharia El\u00e9trica (7); Engenharia El\u00e9trica e Eletr\u00f4nica e Sistemas de Automa\u00e7\u00e3o e Controle (1); Engenharia El\u00e9trica: Eletr\u00f4nica e Eletrot\u00e9cnica (4); Engenharia El\u00e9trica: Automa\u00e7\u00e3o e Controle (1); Engenharia El\u00e9trica: sistemas eletr\u00f4nicos automotivos (1); Engenharia G\u00e1s e Petr\u00f3leo (1); Engenharia Mec\u00e2nica (3); Engenharia Qu\u00edmica (2); Filosofia (3); F\u00edsica (11); F\u00edsica e Ensino de F\u00edsica (1); Geografia (3); Geologia (1); Hist\u00f3ria (2); L\u00edngua Brasileira de Sinais \u2013 LIBRAS (10); L\u00edngua Estrangeira Moderna: Espanhol (5); L\u00edngua Estrangeira Moderna: Ingl\u00eas (9); L\u00edngua Portuguesa (5); L\u00edngua Portuguesa para Surdos (1); Matem\u00e1tica (11); Metodologia da Pesquisa (1); Pedagogia (3); Probabilidade e Estat\u00edstica (1); Qu\u00edmica (6); Qu\u00edmica e Ensino de Qu\u00edmica (1); Qu\u00edmica e Qu\u00edmica Anal\u00edtica (1); Qu\u00edmica Geral, Anal\u00edtica e Org\u00e2nica (1); Qu\u00edmica, Qu\u00edmica Org\u00e2nica e Bioqu\u00edmica geral (1); Sa\u00fade do Trabalhador (1); Sa\u00fade, Meio Ambiente e Seguran\u00e7a (1); Sociologia (5); Turismo (1).<\/h3>\n<h3 style=\"text-align: justify;\"><\/h3>\n<h3 style=\"text-align: justify;\"><b>Cidades \/ Campus de lota\u00e7\u00e3o:<\/b><\/h3>\n<h3 style=\"text-align: justify;\"><\/h3>\n<h3 style=\"text-align: justify;\">Barreiras, Brumado, Cama\u00e7ari, Euclides da Cunha, Eun\u00e1polis, Feira de Santana, Ilh\u00e9us, Irec\u00ea, Jacobina, Jequi\u00e9, Juazeiro, Lauro de Freitas, Paulo Afonso, Porto Seguro, Salinas da Margarida, Salvador, Santo Amaro, Santo Ant\u00f4nio de Jesus, Seabra, Sim\u00f5es Filho, Ubaitaba, Valen\u00e7a e Vitoria da Conquista.<\/h3>\n<h3><b>Inscri\u00e7\u00f5es: <\/b><br \/>\nPer\u00edodo de inscri\u00e7\u00e3o:<b> 25\/08<\/b> a <b>26\/09\/2016<\/b>, exclusivamente pela internet.<\/p>\n<p>Per\u00edodo de solicita\u00e7\u00e3o de isen\u00e7\u00e3o da taxa de inscri\u00e7\u00e3o:<b> 25<\/b> a <b>31\/08\/2016<\/b>. Consulte o Edital para maiores detalhes.Valor(es) da(s) taxa(s) de inscri\u00e7\u00e3o:<\/h3>\n<ul>\n<li style=\"text-align: justify;\">R$<b> <\/b>150,00<\/li>\n<\/ul>\n<\/div>\n<p>&nbsp;<\/p>\n","protected":false},"excerpt":{"rendered":"<p>O Instituto Federal de Educa\u00e7\u00e3o, Ci\u00eancia e Tecnologia da Bahia \u2013 IFBA abre concurso p\u00fablico destinado ao provimento de 193 vagas\u00a0 de Professor do Ensino B\u00e1sico, T\u00e9cnico e Tecnol\u00f3gico. O anuncio\u00a0foi feito nesta quarta-feira (24\/08), no Di\u00e1rio Oficial da Uni\u00e3o. Os candidatos aprovados ser\u00e3o contratados pelo regime jur\u00eddico estatut\u00e1rio, nos termos da Lei 8.112\/90, que [&hellip;]<\/p>\n","protected":false},"author":2,"featured_media":0,"comment_status":"open","ping_status":"open","sticky":false,"template":"","format":"standard","meta":{"_links_to":"","_links_to_target":""},"categories":[1],"tags":[],"_links":{"self":[{"href":"https:\/\/www.blogdotarugao.com.br\/v1\/wp-json\/wp\/v2\/posts\/67258"}],"collection":[{"href":"https:\/\/www.blogdotarugao.com.br\/v1\/wp-json\/wp\/v2\/posts"}],"about":[{"href":"https:\/\/www.blogdotarugao.com.br\/v1\/wp-json\/wp\/v2\/types\/post"}],"author":[{"embeddable":true,"href":"https:\/\/www.blogdotarugao.com.br\/v1\/wp-json\/wp\/v2\/users\/2"}],"replies":[{"embeddable":true,"href":"https:\/\/www.blogdotarugao.com.br\/v1\/wp-json\/wp\/v2\/comments?post=67258"}],"version-history":[{"count":1,"href":"https:\/\/www.blogdotarugao.com.br\/v1\/wp-json\/wp\/v2\/posts\/67258\/revisions"}],"predecessor-version":[{"id":67260,"href":"https:\/\/www.blogdotarugao.com.br\/v1\/wp-json\/wp\/v2\/posts\/67258\/revisions\/67260"}],"wp:attachment":[{"href":"https:\/\/www.blogdotarugao.com.br\/v1\/wp-json\/wp\/v2\/media?parent=67258"}],"wp:term":[{"taxonomy":"category","embeddable":true,"href":"https:\/\/www.blogdotarugao.com.br\/v1\/wp-json\/wp\/v2\/categories?post=67258"},{"taxonomy":"post_tag","embeddable":true,"href":"https:\/\/www.blogdotarugao.com.br\/v1\/wp-json\/wp\/v2\/tags?post=67258"}],"curies":[{"name":"wp","href":"https:\/\/api.w.org\/{rel}","templated":true}]}}