{"id":67409,"date":"2016-08-31T08:02:57","date_gmt":"2016-08-31T11:02:57","guid":{"rendered":"http:\/\/www.blogdotarugao.com.br\/v1\/?p=67409"},"modified":"2016-08-31T08:02:57","modified_gmt":"2016-08-31T11:02:57","slug":"corpos-carbonizados-sao-achados-dentro-de-carro","status":"publish","type":"post","link":"https:\/\/www.blogdotarugao.com.br\/v1\/2016\/08\/31\/corpos-carbonizados-sao-achados-dentro-de-carro\/","title":{"rendered":"Corpos carbonizados s\u00e3o achados dentro de carro"},"content":{"rendered":"<h3 style=\"text-align: justify;\"><img loading=\"lazy\" class=\"  wp-image-67410 alignleft\" src=\"http:\/\/www.blogdotarugao.com.br\/v1\/wp-content\/uploads\/2016\/08\/carro-1.jpg\" alt=\"carro-1\" width=\"585\" height=\"440\" srcset=\"https:\/\/www.blogdotarugao.com.br\/v1\/wp-content\/uploads\/2016\/08\/carro-1.jpg 620w, https:\/\/www.blogdotarugao.com.br\/v1\/wp-content\/uploads\/2016\/08\/carro-1-300x225.jpg 300w\" sizes=\"(max-width: 585px) 100vw, 585px\" \/>Dois corpos carbonizados foram encontrados dentro de um carro no fim da tarde desta ter\u00e7a-feira (30), na Travessa Piraj\u00e1, no bairro de Piraj\u00e1, em Salvador. As informa\u00e7\u00f5es s\u00e3o da Pol\u00edcia Militar.<\/h3>\n<h3 style=\"text-align: justify;\"><\/h3>\n<h3 style=\"text-align: justify;\">De acordo com a 9\u00aa Companhia Independente de Pol\u00edcia Militar (CIPM), que atua na regi\u00e3o, inicialmente, a solicita\u00e7\u00e3o dava conta de um carro queimado. Quando os agentes chegaram ao local, encontraram os corpos dentro do ve\u00edculo. A \u00e1rea foi isolada at\u00e9 a chegada do Departamento de Pol\u00edcia T\u00e9cnica (DPT). As v\u00edtimas ainda n\u00e3o foram identificadas.<\/h3>\n<h3 style=\"text-align: justify;\">Segundo a 9\u00aa CIPM, a suspeita inicial \u00e9 de que tenham colocado fogo no ve\u00edculo com as v\u00edtimas dentro. O local onde o carro foi achado \u00e9 afastado da rua principal e \u00e9 deserto, informou a PM. A identifica\u00e7\u00e3o das v\u00edtimas ser\u00e1 feita pelo DPT.<\/h3>\n<h3 style=\"text-align: justify;\">Ainda conforme a PM, n\u00e3o h\u00e1 informa\u00e7\u00f5es sobre a autoria e a motiva\u00e7\u00e3o do crime. O caso ser\u00e1 investigado pelo Departamento de Homic\u00eddios e Prote\u00e7\u00e3o \u00e0 Pessoa (DHPP).<\/h3>\n","protected":false},"excerpt":{"rendered":"<p>Dois corpos carbonizados foram encontrados dentro de um carro no fim da tarde desta ter\u00e7a-feira (30), na Travessa Piraj\u00e1, no bairro de Piraj\u00e1, em Salvador. As informa\u00e7\u00f5es s\u00e3o da Pol\u00edcia Militar. De acordo com a 9\u00aa Companhia Independente de Pol\u00edcia Militar (CIPM), que atua na regi\u00e3o, inicialmente, a solicita\u00e7\u00e3o dava conta de um carro queimado. [&hellip;]<\/p>\n","protected":false},"author":2,"featured_media":0,"comment_status":"open","ping_status":"open","sticky":false,"template":"","format":"standard","meta":{"_links_to":"","_links_to_target":""},"categories":[1],"tags":[],"_links":{"self":[{"href":"https:\/\/www.blogdotarugao.com.br\/v1\/wp-json\/wp\/v2\/posts\/67409"}],"collection":[{"href":"https:\/\/www.blogdotarugao.com.br\/v1\/wp-json\/wp\/v2\/posts"}],"about":[{"href":"https:\/\/www.blogdotarugao.com.br\/v1\/wp-json\/wp\/v2\/types\/post"}],"author":[{"embeddable":true,"href":"https:\/\/www.blogdotarugao.com.br\/v1\/wp-json\/wp\/v2\/users\/2"}],"replies":[{"embeddable":true,"href":"https:\/\/www.blogdotarugao.com.br\/v1\/wp-json\/wp\/v2\/comments?post=67409"}],"version-history":[{"count":1,"href":"https:\/\/www.blogdotarugao.com.br\/v1\/wp-json\/wp\/v2\/posts\/67409\/revisions"}],"predecessor-version":[{"id":67411,"href":"https:\/\/www.blogdotarugao.com.br\/v1\/wp-json\/wp\/v2\/posts\/67409\/revisions\/67411"}],"wp:attachment":[{"href":"https:\/\/www.blogdotarugao.com.br\/v1\/wp-json\/wp\/v2\/media?parent=67409"}],"wp:term":[{"taxonomy":"category","embeddable":true,"href":"https:\/\/www.blogdotarugao.com.br\/v1\/wp-json\/wp\/v2\/categories?post=67409"},{"taxonomy":"post_tag","embeddable":true,"href":"https:\/\/www.blogdotarugao.com.br\/v1\/wp-json\/wp\/v2\/tags?post=67409"}],"curies":[{"name":"wp","href":"https:\/\/api.w.org\/{rel}","templated":true}]}}