{"id":67415,"date":"2016-08-31T15:46:43","date_gmt":"2016-08-31T18:46:43","guid":{"rendered":"http:\/\/www.blogdotarugao.com.br\/v1\/?p=67415"},"modified":"2016-08-31T15:46:43","modified_gmt":"2016-08-31T18:46:43","slug":"tv-filho-de-bonner-e-fatima-estaria-extremamente-abalado-com-anuncio-do-divorcio-dos-pais","status":"publish","type":"post","link":"https:\/\/www.blogdotarugao.com.br\/v1\/2016\/08\/31\/tv-filho-de-bonner-e-fatima-estaria-extremamente-abalado-com-anuncio-do-divorcio-dos-pais\/","title":{"rendered":"TV: Filho de Bonner e F\u00e1tima estaria extremamente abalado com an\u00fancio do div\u00f3rcio dos pais"},"content":{"rendered":"<h3 style=\"text-align: justify;\"><strong>Fim do casamento afetou profundamente Vinicius, um dos trig\u00eameos do ex-casal, diz jornal. Jornalistas aproveitaram ida dos filhos ao exterior para anunciarem separa\u00e7\u00e3o, que j\u00e1 ocorria h\u00e1 dois anos. Hip\u00f3tese de trai\u00e7\u00e3o est\u00e1 descartada.<\/strong><\/h3>\n<h3 style=\"text-align: justify;\">Ap\u00f3s o an\u00fancio oficial da separa\u00e7\u00e3o de William Bonner e F\u00e1tima Bernardes, os detalhes da rela\u00e7\u00e3o do casal come\u00e7aram a aparecer na m\u00e9dia.<img loading=\"lazy\" class=\" aligncenter\" src=\"http:\/\/i.imgur.com\/N94uwRj.jpg?1\" alt=\"\" width=\"580\" height=\"381\" \/>Bonner e F\u00e1tima j\u00e1 n\u00e3o dividiam o mesmo quarto h\u00e1 cerca de dois anos. Amigos dizem que o desgaste da rela\u00e7\u00e3o foi motivado pelo jeito temperamental dele e, inclusive, pela ascens\u00e3o profissional e financeira de F\u00e1tima, que assumiu o comando do \u201cEncontro\u201d.<img loading=\"lazy\" class=\" aligncenter\" src=\"http:\/\/i.imgur.com\/ONi9lrB.jpg?2\" alt=\"\" width=\"580\" height=\"394\" \/>\u00c9 o que informa o jornal O Dia, que afirma ainda que o fim do casamento afetou mais Vin\u00edcius, o \u00fanico menino entre os trig\u00eameos do casal. Foi ele quem mais se abalou com o in\u00edcio da separa\u00e7\u00e3o. O jornal ainda diz que Bonner e F\u00e1tima aproveitaram o interc\u00e2mbio que os filhos fizeram ao Canad\u00e1, em maio deste ano, para anunciarem o fim do casamento de 26 anos. Em seguida, a Globo foi informada. A decis\u00e3o de comunicar publicamente a separa\u00e7\u00e3o, tr\u00eas meses depois, foi para evitar boatos de trai\u00e7\u00e3o. O que, de fato, n\u00e3o aconteceu.<\/h3>\n","protected":false},"excerpt":{"rendered":"<p>Fim do casamento afetou profundamente Vinicius, um dos trig\u00eameos do ex-casal, diz jornal. Jornalistas aproveitaram ida dos filhos ao exterior para anunciarem separa\u00e7\u00e3o, que j\u00e1 ocorria h\u00e1 dois anos. Hip\u00f3tese de trai\u00e7\u00e3o est\u00e1 descartada. Ap\u00f3s o an\u00fancio oficial da separa\u00e7\u00e3o de William Bonner e F\u00e1tima Bernardes, os detalhes da rela\u00e7\u00e3o do casal come\u00e7aram a aparecer [&hellip;]<\/p>\n","protected":false},"author":2,"featured_media":0,"comment_status":"open","ping_status":"open","sticky":false,"template":"","format":"standard","meta":{"_links_to":"","_links_to_target":""},"categories":[1],"tags":[],"_links":{"self":[{"href":"https:\/\/www.blogdotarugao.com.br\/v1\/wp-json\/wp\/v2\/posts\/67415"}],"collection":[{"href":"https:\/\/www.blogdotarugao.com.br\/v1\/wp-json\/wp\/v2\/posts"}],"about":[{"href":"https:\/\/www.blogdotarugao.com.br\/v1\/wp-json\/wp\/v2\/types\/post"}],"author":[{"embeddable":true,"href":"https:\/\/www.blogdotarugao.com.br\/v1\/wp-json\/wp\/v2\/users\/2"}],"replies":[{"embeddable":true,"href":"https:\/\/www.blogdotarugao.com.br\/v1\/wp-json\/wp\/v2\/comments?post=67415"}],"version-history":[{"count":1,"href":"https:\/\/www.blogdotarugao.com.br\/v1\/wp-json\/wp\/v2\/posts\/67415\/revisions"}],"predecessor-version":[{"id":67416,"href":"https:\/\/www.blogdotarugao.com.br\/v1\/wp-json\/wp\/v2\/posts\/67415\/revisions\/67416"}],"wp:attachment":[{"href":"https:\/\/www.blogdotarugao.com.br\/v1\/wp-json\/wp\/v2\/media?parent=67415"}],"wp:term":[{"taxonomy":"category","embeddable":true,"href":"https:\/\/www.blogdotarugao.com.br\/v1\/wp-json\/wp\/v2\/categories?post=67415"},{"taxonomy":"post_tag","embeddable":true,"href":"https:\/\/www.blogdotarugao.com.br\/v1\/wp-json\/wp\/v2\/tags?post=67415"}],"curies":[{"name":"wp","href":"https:\/\/api.w.org\/{rel}","templated":true}]}}