{"id":6760,"date":"2014-04-04T18:27:24","date_gmt":"2014-04-04T21:27:24","guid":{"rendered":"http:\/\/www.blogdotarugao.com.br\/v1\/?p=6760"},"modified":"2014-04-04T18:27:24","modified_gmt":"2014-04-04T21:27:24","slug":"itapetinga-populacao-sofre-com-falta-de-medicamentos-nas-unidades-de-saude","status":"publish","type":"post","link":"https:\/\/www.blogdotarugao.com.br\/v1\/2014\/04\/04\/itapetinga-populacao-sofre-com-falta-de-medicamentos-nas-unidades-de-saude\/","title":{"rendered":"Itapetinga: Popula\u00e7\u00e3o sofre com falta de medicamentos nas Unidades de Sa\u00fade"},"content":{"rendered":"<p><a href=\"http:\/\/tribunadeitapetinga.com.br\/media\/2014\/04\/debora-irei.jpg\" class=\"gallery_colorbox\"><img loading=\"lazy\" class=\"aligncenter\" alt=\"debora-irei\" src=\"http:\/\/tribunadeitapetinga.com.br\/media\/2014\/04\/debora-irei-400x276.jpg\"  width=\"400\" height=\"276\" \/><\/a>Contradizendo as \u00faltimas pronuncias dos \u201cBAJULADORES\u201d da administra\u00e7\u00e3o p\u00fablica no Plen\u00e1rio da C\u00e2mara Municipal, que andam dizendo que a sa\u00fade p\u00fablica est\u00e1 melhorando, nossa reportagem encontrou um cidad\u00e3o em p\u00e9 em frequente ao Posto de Sa\u00fade Guilherme Dias, que aguardava por sua esposa que havia entrado na unidade de sa\u00fade em busca de\u00a0<em>\u201c<\/em>Amoxicilina<em>\u00a0<\/em>e Diclofenaco\u201d e foram surpreendidos com a informa\u00e7\u00e3o de que n\u00e3o havia nenhum dos dois medicamentos. O fato nos deixou indignados pelo fato do rapaz de nome Raimundo, est\u00e1 sofrendo fortes dores e necessitando dos medicamentos.<\/p>\n<p>Temos ouvido radialistas, comissionados da Prefeitura e vereadores dizerem que a sa\u00fade no munic\u00edpio est\u00e1 melhorando e que o governo municipal est\u00e1 trabalhando para isso, para sustentar essa \u201cMENTIRA\u201d\u00a0 falam de Sa\u00fade em Movimento e tamb\u00e9m do CDI, recentemente inaugurado na cidade que por sinal busca parceria com a Prefeitura Municipal. Como disse a vereadora Naara Duarte (DEM), a sa\u00fade pode est\u00e1 at\u00e9 melhorando mas, s\u00f3 no privado, enquanto isso, o problema de maior gravidade que est\u00e1 penalizando a popula\u00e7\u00e3o carente vem da sa\u00fade p\u00fablica com a falta de medicamentos b\u00e1sicos nas unidades.<\/p>\n<p>De acordo com as denuncias que colhemos nas unidades b\u00e1sicas de sa\u00fade faltam medicamentos b\u00e1sicos para hipertens\u00e3o a exemplo de Captopril, al\u00e9m de equipamentos b\u00e1sicos como tensi\u00f4metro, utilizados para medi\u00e7\u00e3o dos batimentos card\u00edacos e aferi\u00e7\u00e3o da press\u00e3o arterial.<br \/>\nA dona de casa Maria Benedita, contou nos que na\u00a0 Unidade\u00a0 de Sa\u00fade do munic\u00edpio onde ela \u00e9 assistida na Nova Itapetinga com\u00a0 problemas de hipertens\u00e3o arterial est\u00e1 carecendo da medica\u00e7\u00e3o e sem condi\u00e7\u00f5es financeiras para adquirir os medicamentos. Absurdo!<\/p>\n<p>Um funcion\u00e1rio de um dos postos que pediu para n\u00e3o ter o seu nome mencionado assegurou que faltam receitu\u00e1rios e at\u00e9 os mais simples medicamentos. \u201cFaltam rem\u00e9dios para hipertens\u00e3o, diabetes, xarope para tosse e at\u00e9 analg\u00e9sicos para dores de cabe\u00e7a\u201d, lamentou.<\/p>\n<p>A reportagem tentou um contato com a secret\u00e1ria municipal de Sa\u00fade D\u00e9bora Irei, mas o n\u00famero do celular disponibilizado a nossa reda\u00e7\u00e3o sempre est\u00e1 fora de \u00e1rea ou desligado. Ela que deu uma entrevista e informou que havia feito uma licita\u00e7\u00e3o e com o prazo de dez dias o problema relacionado aos medicamentos seria resolvido, o vereador Dr. Z\u00e9 Roberto sustentou essa informa\u00e7\u00e3o em Plen\u00e1rio,\u00a0 mas j\u00e1 se passaram 14 dias e nada foi feito.<\/p>\n<p>J\u00e1 passou da hora dos vereadores de oposi\u00e7\u00e3o que entraram no Minist\u00e9rio P\u00fablico cobrando explica\u00e7\u00f5es sobre a Avenida J\u00falio Jos\u00e9 Rodrigues e secret\u00e1ria de Educa\u00e7\u00e3o pela falta de cadeiras e merenda nas escolas municipais, tamb\u00e9m entrem com uma representa\u00e7\u00e3o contra a secret\u00e1ria de Sa\u00fade que recebe milh\u00f5es da Plena e deixa toda a popula\u00e7\u00e3o sem os medicamentos b\u00e1sicos.<\/p>\n<p>Por Cesar Soares<\/p>\n","protected":false},"excerpt":{"rendered":"<p>Contradizendo as \u00faltimas pronuncias dos \u201cBAJULADORES\u201d da administra\u00e7\u00e3o p\u00fablica no Plen\u00e1rio da C\u00e2mara Municipal, que andam dizendo que a sa\u00fade p\u00fablica est\u00e1 melhorando, nossa reportagem encontrou um cidad\u00e3o em p\u00e9 em frequente ao Posto de Sa\u00fade Guilherme Dias, que aguardava por sua esposa que havia entrado na unidade de sa\u00fade em busca de\u00a0\u201cAmoxicilina\u00a0e Diclofenaco\u201d e [&hellip;]<\/p>\n","protected":false},"author":2,"featured_media":0,"comment_status":"open","ping_status":"open","sticky":false,"template":"","format":"standard","meta":{"_links_to":"","_links_to_target":""},"categories":[12],"tags":[],"_links":{"self":[{"href":"https:\/\/www.blogdotarugao.com.br\/v1\/wp-json\/wp\/v2\/posts\/6760"}],"collection":[{"href":"https:\/\/www.blogdotarugao.com.br\/v1\/wp-json\/wp\/v2\/posts"}],"about":[{"href":"https:\/\/www.blogdotarugao.com.br\/v1\/wp-json\/wp\/v2\/types\/post"}],"author":[{"embeddable":true,"href":"https:\/\/www.blogdotarugao.com.br\/v1\/wp-json\/wp\/v2\/users\/2"}],"replies":[{"embeddable":true,"href":"https:\/\/www.blogdotarugao.com.br\/v1\/wp-json\/wp\/v2\/comments?post=6760"}],"version-history":[{"count":1,"href":"https:\/\/www.blogdotarugao.com.br\/v1\/wp-json\/wp\/v2\/posts\/6760\/revisions"}],"predecessor-version":[{"id":6761,"href":"https:\/\/www.blogdotarugao.com.br\/v1\/wp-json\/wp\/v2\/posts\/6760\/revisions\/6761"}],"wp:attachment":[{"href":"https:\/\/www.blogdotarugao.com.br\/v1\/wp-json\/wp\/v2\/media?parent=6760"}],"wp:term":[{"taxonomy":"category","embeddable":true,"href":"https:\/\/www.blogdotarugao.com.br\/v1\/wp-json\/wp\/v2\/categories?post=6760"},{"taxonomy":"post_tag","embeddable":true,"href":"https:\/\/www.blogdotarugao.com.br\/v1\/wp-json\/wp\/v2\/tags?post=6760"}],"curies":[{"name":"wp","href":"https:\/\/api.w.org\/{rel}","templated":true}]}}