{"id":67802,"date":"2016-09-11T21:54:17","date_gmt":"2016-09-12T00:54:17","guid":{"rendered":"http:\/\/www.blogdotarugao.com.br\/v1\/?p=67802"},"modified":"2016-09-11T21:54:17","modified_gmt":"2016-09-12T00:54:17","slug":"para-aliados-de-cunha-cassacao-em-setembro-foi-erro-de-calculo","status":"publish","type":"post","link":"https:\/\/www.blogdotarugao.com.br\/v1\/2016\/09\/11\/para-aliados-de-cunha-cassacao-em-setembro-foi-erro-de-calculo\/","title":{"rendered":"Para aliados de Cunha, cassa\u00e7\u00e3o em setembro foi erro de c\u00e1lculo"},"content":{"rendered":"<h3 style=\"text-align: justify;\"><img loading=\"lazy\" class=\"aligncenter  wp-image-47100\" src=\"http:\/\/www.blogdotarugao.com.br\/v1\/wp-content\/uploads\/2015\/12\/cunha.jpg\" alt=\"cunha\" width=\"581\" height=\"327\" srcset=\"https:\/\/www.blogdotarugao.com.br\/v1\/wp-content\/uploads\/2015\/12\/cunha.jpg 597w, https:\/\/www.blogdotarugao.com.br\/v1\/wp-content\/uploads\/2015\/12\/cunha-300x169.jpg 300w\" sizes=\"(max-width: 581px) 100vw, 581px\" \/><\/h3>\n<h3 style=\"text-align: justify;\">Aliados pr\u00f3ximos ao deputado afastado Eduardo Cunha (PMDB-RJ) consideram como um de seus erros durante os \u00faltimos meses o fato de ter trabalhado para adiar a vota\u00e7\u00e3o de sua cassa\u00e7\u00e3o para setembro \u2013 a sess\u00e3o ser\u00e1 realizada nesta segunda-feira (11).O peemedebista apostava no baixo qu\u00f3rum decorrente da proximidade do per\u00edodo de elei\u00e7\u00f5es, o que adiaria mais uma vez a aprecia\u00e7\u00e3o da mat\u00e9ria. No entanto, o per\u00edodo eleitoral teve o efeito inverso: diversos deputados, em v\u00e1rias regi\u00f5es do pa\u00eds, transformaram seu mandato em tema de campanha e candidatos passaram se manifestar sobre sua cassa\u00e7\u00e3o. Para os interlocutores de Cunha, o fim do processo do impeachment da ex-presidente Dilma Rousseff tamb\u00e9m colaborou. &#8220;Cunha virou o assunto \u00fanico da pol\u00edtica depois do impeachment de Dilma, todos os holofotes est\u00e3o votados para ele&#8221;, disse um dos integrantes de sua tropa de choque.<\/h3>\n","protected":false},"excerpt":{"rendered":"<p>Aliados pr\u00f3ximos ao deputado afastado Eduardo Cunha (PMDB-RJ) consideram como um de seus erros durante os \u00faltimos meses o fato de ter trabalhado para adiar a vota\u00e7\u00e3o de sua cassa\u00e7\u00e3o para setembro \u2013 a sess\u00e3o ser\u00e1 realizada nesta segunda-feira (11).O peemedebista apostava no baixo qu\u00f3rum decorrente da proximidade do per\u00edodo de elei\u00e7\u00f5es, o que adiaria [&hellip;]<\/p>\n","protected":false},"author":2,"featured_media":0,"comment_status":"open","ping_status":"open","sticky":false,"template":"","format":"standard","meta":{"_links_to":"","_links_to_target":""},"categories":[5,7],"tags":[],"_links":{"self":[{"href":"https:\/\/www.blogdotarugao.com.br\/v1\/wp-json\/wp\/v2\/posts\/67802"}],"collection":[{"href":"https:\/\/www.blogdotarugao.com.br\/v1\/wp-json\/wp\/v2\/posts"}],"about":[{"href":"https:\/\/www.blogdotarugao.com.br\/v1\/wp-json\/wp\/v2\/types\/post"}],"author":[{"embeddable":true,"href":"https:\/\/www.blogdotarugao.com.br\/v1\/wp-json\/wp\/v2\/users\/2"}],"replies":[{"embeddable":true,"href":"https:\/\/www.blogdotarugao.com.br\/v1\/wp-json\/wp\/v2\/comments?post=67802"}],"version-history":[{"count":2,"href":"https:\/\/www.blogdotarugao.com.br\/v1\/wp-json\/wp\/v2\/posts\/67802\/revisions"}],"predecessor-version":[{"id":67804,"href":"https:\/\/www.blogdotarugao.com.br\/v1\/wp-json\/wp\/v2\/posts\/67802\/revisions\/67804"}],"wp:attachment":[{"href":"https:\/\/www.blogdotarugao.com.br\/v1\/wp-json\/wp\/v2\/media?parent=67802"}],"wp:term":[{"taxonomy":"category","embeddable":true,"href":"https:\/\/www.blogdotarugao.com.br\/v1\/wp-json\/wp\/v2\/categories?post=67802"},{"taxonomy":"post_tag","embeddable":true,"href":"https:\/\/www.blogdotarugao.com.br\/v1\/wp-json\/wp\/v2\/tags?post=67802"}],"curies":[{"name":"wp","href":"https:\/\/api.w.org\/{rel}","templated":true}]}}