{"id":6883,"date":"2014-04-06T19:37:15","date_gmt":"2014-04-06T22:37:15","guid":{"rendered":"http:\/\/www.blogdotarugao.com.br\/v1\/?p=6883"},"modified":"2014-04-06T19:37:15","modified_gmt":"2014-04-06T22:37:15","slug":"mulher-tenta-fazer-exame-ha-quase-tres-anos-pela-rede-publica-em-itapetinga","status":"publish","type":"post","link":"https:\/\/www.blogdotarugao.com.br\/v1\/2014\/04\/06\/mulher-tenta-fazer-exame-ha-quase-tres-anos-pela-rede-publica-em-itapetinga\/","title":{"rendered":"Mulher tenta fazer exame h\u00e1 quase tr\u00eas anos pela rede p\u00fablica em Itapetinga"},"content":{"rendered":"<p><a href=\"http:\/\/www.blogdodigadiga.com.br\/v1\/wp-content\/uploads\/2014\/04\/2%C2%BA-dia-feira-FJS-4.jpg\" class=\"gallery_colorbox\" data-slb-group=\"12378\" data-slb-active=\"1\" data-slb-internal=\"0\"><img loading=\"lazy\" alt=\"A solicita\u00e7\u00e3o do exame tem mais de 2 anos.\" src=\"http:\/\/www.blogdodigadiga.com.br\/v1\/wp-content\/uploads\/2014\/04\/2%C2%BA-dia-feira-FJS-4.jpg\"  width=\"448\" height=\"299\" \/><\/a><\/p>\n<p>A solicita\u00e7\u00e3o do exame tem mais de 2 anos.<\/p>\n<p>Quem precisa realizar exames de Ultrassonografias marcados pelo CDM (Central de Marca\u00e7\u00e3o de Exames) de Itapetinga devem esperar pelo menos dois anos para o feito.<\/p>\n<p>Os documentos foram apresentados para a vereadora Naara Duarte (DEM) durante a realiza\u00e7\u00e3o da 2\u00aa Feira de Sa\u00fade da Funda\u00e7\u00e3o Jos\u00e9 Silveira neste s\u00e1bado (06) por uma moradora de Itapetinga, onde a mesma tenta marcar uma ultrassonografia desde o fim de 2011.<\/p>\n<p>Gra\u00e7as a a\u00e7\u00e3o da Funda\u00e7\u00e3o Jos\u00e9 Silveira a jovem conseguiu realizar o exame de \u00a0Ultrassonografia de Abdome Total.<\/p>\n","protected":false},"excerpt":{"rendered":"<p>A solicita\u00e7\u00e3o do exame tem mais de 2 anos. Quem precisa realizar exames de Ultrassonografias marcados pelo CDM (Central de Marca\u00e7\u00e3o de Exames) de Itapetinga devem esperar pelo menos dois anos para o feito. Os documentos foram apresentados para a vereadora Naara Duarte (DEM) durante a realiza\u00e7\u00e3o da 2\u00aa Feira de Sa\u00fade da Funda\u00e7\u00e3o Jos\u00e9 [&hellip;]<\/p>\n","protected":false},"author":2,"featured_media":0,"comment_status":"open","ping_status":"open","sticky":false,"template":"","format":"standard","meta":{"_links_to":"","_links_to_target":""},"categories":[1,12],"tags":[],"_links":{"self":[{"href":"https:\/\/www.blogdotarugao.com.br\/v1\/wp-json\/wp\/v2\/posts\/6883"}],"collection":[{"href":"https:\/\/www.blogdotarugao.com.br\/v1\/wp-json\/wp\/v2\/posts"}],"about":[{"href":"https:\/\/www.blogdotarugao.com.br\/v1\/wp-json\/wp\/v2\/types\/post"}],"author":[{"embeddable":true,"href":"https:\/\/www.blogdotarugao.com.br\/v1\/wp-json\/wp\/v2\/users\/2"}],"replies":[{"embeddable":true,"href":"https:\/\/www.blogdotarugao.com.br\/v1\/wp-json\/wp\/v2\/comments?post=6883"}],"version-history":[{"count":1,"href":"https:\/\/www.blogdotarugao.com.br\/v1\/wp-json\/wp\/v2\/posts\/6883\/revisions"}],"predecessor-version":[{"id":6885,"href":"https:\/\/www.blogdotarugao.com.br\/v1\/wp-json\/wp\/v2\/posts\/6883\/revisions\/6885"}],"wp:attachment":[{"href":"https:\/\/www.blogdotarugao.com.br\/v1\/wp-json\/wp\/v2\/media?parent=6883"}],"wp:term":[{"taxonomy":"category","embeddable":true,"href":"https:\/\/www.blogdotarugao.com.br\/v1\/wp-json\/wp\/v2\/categories?post=6883"},{"taxonomy":"post_tag","embeddable":true,"href":"https:\/\/www.blogdotarugao.com.br\/v1\/wp-json\/wp\/v2\/tags?post=6883"}],"curies":[{"name":"wp","href":"https:\/\/api.w.org\/{rel}","templated":true}]}}