{"id":6887,"date":"2014-04-06T19:49:36","date_gmt":"2014-04-06T22:49:36","guid":{"rendered":"http:\/\/www.blogdotarugao.com.br\/v1\/?p=6887"},"modified":"2014-04-06T20:40:03","modified_gmt":"2014-04-06T23:40:03","slug":"geddel-medita-neto-espera","status":"publish","type":"post","link":"https:\/\/www.blogdotarugao.com.br\/v1\/2014\/04\/06\/geddel-medita-neto-espera\/","title":{"rendered":"Geddel medita, Neto espera"},"content":{"rendered":"<div>\n<div><a href=\"http:\/\/www.blogdotarugao.com.br\/v1\/wp-content\/uploads\/2014\/04\/paulo-souto-geddel-vieira-lima-acm-neto-foto-bocaonews2.jpg\" class=\"gallery_colorbox\"><img loading=\"lazy\" class=\"aligncenter  wp-image-6888\" alt=\"paulo-souto-geddel-vieira-lima-acm-neto-foto-bocaonews(2)\" src=\"http:\/\/www.blogdotarugao.com.br\/v1\/wp-content\/uploads\/2014\/04\/paulo-souto-geddel-vieira-lima-acm-neto-foto-bocaonews2.jpg\"  width=\"480\" height=\"274\" srcset=\"https:\/\/www.blogdotarugao.com.br\/v1\/wp-content\/uploads\/2014\/04\/paulo-souto-geddel-vieira-lima-acm-neto-foto-bocaonews2.jpg 800w, https:\/\/www.blogdotarugao.com.br\/v1\/wp-content\/uploads\/2014\/04\/paulo-souto-geddel-vieira-lima-acm-neto-foto-bocaonews2-300x171.jpg 300w\" sizes=\"(max-width: 480px) 100vw, 480px\" \/><\/a><\/div>\n<div>\u00a0De certo modo, ou de modo inteiro, recaiu sobre o prefeito ACM Neto uma das tarefas mais dif\u00edceis para a uni\u00e3o da oposi\u00e7\u00e3o baiana: escolher entre Paulo Souto e Geddel Vieira Lima, l\u00edderes das pesquisas at\u00e9 aqui conhecidas, quem ser\u00e1 o candidato.<\/div>\n<div><\/div>\n<div><\/div>\n<div>Como lideran\u00e7a nascente na pol\u00edtica estadual, com um longo caminho ainda a percorrer, n\u00e3o poderia recusar a causa, porque era o \u00fanico que estava em condi\u00e7\u00f5es de coordenar. Mais do que isso.<\/div>\n<div><\/div>\n<div><\/div>\n<div>A sua tarefa n\u00e3o era simplesmente escolher entre dois nomes, mas sim entre duas solu\u00e7\u00f5es \u2013 as que existem \u2013 para a oposi\u00e7\u00e3o baiana. A recusa seria, ent\u00e3o, inaceit\u00e1vel.<\/div>\n<\/div>\n<div>\n<div id=\"cke_pastebin\"><\/div>\n<div id=\"cke_pastebin\">N\u00e3o esperava, no entanto, que a miss\u00e3o fosse t\u00e3o complicada embora as idas e vindas na pol\u00edtica sejam normais, especialmente quando a equa\u00e7\u00e3o envolve crit\u00e9rios como foram surgindo na postula\u00e7\u00e3o de Souto e de Geddel.<\/div>\n<div><\/div>\n<div><\/div>\n<div>De in\u00edcio, o ex-governador ficou indeciso, e sua cabe\u00e7a girou entre concorrer ou n\u00e3o concorrer. Observando a indecis\u00e3o vis\u00edvel, Geddel, cuja habilidade \u00e9 incontest\u00e1vel, colocou para Souto um novo problema: \u201cSe voc\u00ea disser que ser\u00e1 candidato a governador neste momento, lhe direi que abro m\u00e3o e serei candidato a senador\u201d.<\/div>\n<div><\/div>\n<div><\/div>\n<div>Diante da sinuca, Souto silenciou e manteve-se internamente como seu dilema que, pouco a pouco se desanuviou, principalmente com os pedidos de figuras do DEM e clara prefer\u00eancia do terceiro partido, o PSDB.<\/div>\n<div id=\"cke_pastebin\"><\/div>\n<div><\/div>\n<div id=\"cke_pastebin\">No vai n\u00e3o vai o ex-governador se definiu por \u201ceu vou\u201d e a\u00ed todos olharam na dire\u00e7\u00e3o de ACM Neto. O que fazer? O prefeito s\u00f3 tinha uma sa\u00edda: conversar, conversar e conversar com ambos. Por mais que se reunisse com os dois, a solu\u00e7\u00e3o n\u00e3o se apresentava.<\/div>\n<div><\/div>\n<div><\/div>\n<div><\/div>\n<div><\/div>\n<div>A dupla j\u00e1 estava decidida a concorrer. As press\u00f5es se avolumaram. Se os dois n\u00e3o se decidiam, cabia a ele faz\u00ea-lo e n\u00e3o poderia ser por crit\u00e9rio subjetivo. Geddel a ele dissera que seu momento passara e n\u00e3o aceitava mais ser candidato a senador.<\/div>\n<div><\/div>\n<div><\/div>\n<div><\/div>\n<div>Somou-se a esta divis\u00e3o um motivo, no seu caso subjetivo. Geddel n\u00e3o gosta de Bras\u00edlia, fez toda a sua trajet\u00f3ria pol\u00edtica por l\u00e1 e ainda tem uma raz\u00e3o maior para ficar nestas bandas.<\/div>\n<div><\/div>\n<div><\/div>\n<div><\/div>\n<div>\u00c9 muito apegado \u00e0 fam\u00edlia, especialmente ao pai, de quem cuida com extremo carinho, Afrisio Vieira Lima. Quando se trata do pai, Geddel se emociona f\u00e1cil e chora por qualquer motivo. Como chorou no anivers\u00e1rio de 15 anos de sua filha, quando Afrisio lhe dissera que n\u00e3o se sentia em condi\u00e7\u00f5es de dan\u00e7ar a valsa com a neta. Chorou copiosamente.<\/div>\n<div id=\"cke_pastebin\"><\/div>\n<div id=\"cke_pastebin\">Esta demora na escolha do candidato da oposi\u00e7\u00e3o ao governo n\u00e3o se constitui num problema, pelo contr\u00e1rio, pode ser uma vantagem. Isso porque o governador Jaques Wagner decidiu lan\u00e7ar Rui Costa no final de outubro do ano que passou, enquanto L\u00eddice se decidiu um pouco antes, lan\u00e7ado a sua pr\u00e9-candidatura.<\/div>\n<div><\/div>\n<div><\/div>\n<div><\/div>\n<div>A partir da\u00ed as aten\u00e7\u00f5es se voltaram para a oposi\u00e7\u00e3o, que ganhou not\u00edcias di\u00e1rias na m\u00eddia enquanto todos passaram a especular quem seria dos dois o candidato. Na capital e no interior, o que pode ser um ganho eleitoral.<\/div>\n<div><\/div>\n<div><\/div>\n<div><\/div>\n<div id=\"cke_pastebin\">Neto se decidiu por Paulo Souto, mas Geddel continua entrincheirado. Sabe ele que dificilmente o quadro pr\u00f3-Souto mudar\u00e1. Neto est\u00e1 tentando convenc\u00ea-lo por ser um quadro important\u00edssimo no xadrez pol\u00edtico-eleitoral. Geddel tem recebido muitas visitas, e parece estar meditado sobre a situa\u00e7\u00e3o.<\/div>\n<div><\/div>\n<div><\/div>\n<div><\/div>\n<div>Pensou em lan\u00e7ar sua candidatura representando o PMDB de forma independente, mas sabe que talvez n\u00e3o seja por a\u00ed. Esta \u00e9 a raz\u00e3o de o prefeito elastecer seu tempo at\u00e9 meados, mais para o in\u00edcio, desta semana que entra. O presidente do PMDB tem contas a acertar nas elei\u00e7\u00f5es de outubro.<\/div>\n<div><\/div>\n<div><\/div>\n<div><\/div>\n<div>Quer impor uma derrota ao governador Jaques Wagner. Entre os dois h\u00e1 um acerto pol\u00edtico marcado. Uma pend\u00eancia.<\/div>\n<div id=\"cke_pastebin\"><\/div>\n<div id=\"cke_pastebin\">De outra forma, ainda h\u00e1 o problema nacional da candidatura de Dilma \u00e0 reelei\u00e7\u00e3o. A oposi\u00e7\u00e3o baiana, inclusive o PMDB, apoiar\u00e1 A\u00e9cio Neves e, no segundo turno \u2013 se houver \u2013 quem ficar para a disputa final, \u00a0seja A\u00e9cio ou Eduardo Campos. O problema a\u00ed est\u00e1 no PT e na necessidade, que ser\u00e1 uma marca da campanha presidencial, de uma mudan\u00e7a, de uma renova\u00e7\u00e3o, para que haja altern\u00e2ncia no poder. Entendem que h\u00e1 um cansa\u00e7o, que parece enfraquecer Dilma. A oposi\u00e7\u00e3o n\u00e3o quer um governo petista de 16 anos.<\/div>\n<div><\/div>\n<div>Por\u00a0<a href=\"http:\/\/www.bahianoticias.com.br\/samuel-celestino.html\">Samuel Celestino<\/a><\/div>\n<\/div>\n","protected":false},"excerpt":{"rendered":"<p>\u00a0De certo modo, ou de modo inteiro, recaiu sobre o prefeito ACM Neto uma das tarefas mais dif\u00edceis para a uni\u00e3o da oposi\u00e7\u00e3o baiana: escolher entre Paulo Souto e Geddel Vieira Lima, l\u00edderes das pesquisas at\u00e9 aqui conhecidas, quem ser\u00e1 o candidato. Como lideran\u00e7a nascente na pol\u00edtica estadual, com um longo caminho ainda a percorrer, [&hellip;]<\/p>\n","protected":false},"author":2,"featured_media":0,"comment_status":"open","ping_status":"open","sticky":false,"template":"","format":"standard","meta":{"_links_to":"","_links_to_target":""},"categories":[7],"tags":[],"_links":{"self":[{"href":"https:\/\/www.blogdotarugao.com.br\/v1\/wp-json\/wp\/v2\/posts\/6887"}],"collection":[{"href":"https:\/\/www.blogdotarugao.com.br\/v1\/wp-json\/wp\/v2\/posts"}],"about":[{"href":"https:\/\/www.blogdotarugao.com.br\/v1\/wp-json\/wp\/v2\/types\/post"}],"author":[{"embeddable":true,"href":"https:\/\/www.blogdotarugao.com.br\/v1\/wp-json\/wp\/v2\/users\/2"}],"replies":[{"embeddable":true,"href":"https:\/\/www.blogdotarugao.com.br\/v1\/wp-json\/wp\/v2\/comments?post=6887"}],"version-history":[{"count":4,"href":"https:\/\/www.blogdotarugao.com.br\/v1\/wp-json\/wp\/v2\/posts\/6887\/revisions"}],"predecessor-version":[{"id":6892,"href":"https:\/\/www.blogdotarugao.com.br\/v1\/wp-json\/wp\/v2\/posts\/6887\/revisions\/6892"}],"wp:attachment":[{"href":"https:\/\/www.blogdotarugao.com.br\/v1\/wp-json\/wp\/v2\/media?parent=6887"}],"wp:term":[{"taxonomy":"category","embeddable":true,"href":"https:\/\/www.blogdotarugao.com.br\/v1\/wp-json\/wp\/v2\/categories?post=6887"},{"taxonomy":"post_tag","embeddable":true,"href":"https:\/\/www.blogdotarugao.com.br\/v1\/wp-json\/wp\/v2\/tags?post=6887"}],"curies":[{"name":"wp","href":"https:\/\/api.w.org\/{rel}","templated":true}]}}