{"id":6895,"date":"2014-04-07T00:01:28","date_gmt":"2014-04-07T03:01:28","guid":{"rendered":"http:\/\/www.blogdotarugao.com.br\/v1\/?p=6895"},"modified":"2014-04-07T00:01:28","modified_gmt":"2014-04-07T03:01:28","slug":"acm-neto-oferece-vice-e-senado-para-pmdb-de-geddel","status":"publish","type":"post","link":"https:\/\/www.blogdotarugao.com.br\/v1\/2014\/04\/07\/acm-neto-oferece-vice-e-senado-para-pmdb-de-geddel\/","title":{"rendered":"ACM Neto oferece vice e Senado para PMDB de Geddel"},"content":{"rendered":"<p><img loading=\"lazy\" alt=\"\" src=\"http:\/\/bocaonews.com.br\/ckfinder\/userfiles\/fotos_e_imagens\/nilo_pecanha_acm_neto_entrega_bocaonews_rv%20(8).JPG\" width=\"560\" height=\"373\" \/>Com a decis\u00e3o n\u00e3o oficial do prefeito ACM Neto (DEM) em destacar o ex-governador Paulo Souto (DEM) da disputa pela vaga ao posto ao governo da Bahia em 2014, o tamb\u00e9m pr\u00e9-candidato oposicionista Geddel Vieira Lima (PMDB) poder\u00e1 lan\u00e7ar voo solo \u2013 com o apoio do PSC &#8211; e provocar um racha no bloco que desde a elei\u00e7\u00e3o de Neto para a prefeitura de Salvador sempre pregou a uni\u00e3o.<\/p>\n<p>Mas, neste domingo (6), o<strong>Boc\u00e3o News<\/strong>\u00a0recebeu a informa\u00e7\u00e3o de uma figura influente peemedebista que revelou uma contraproposta oferecida pelo DEM na Bahia para garantir o apoio do PMDB e a uni\u00e3o do grupo. Na movimenta\u00e7\u00e3o de pe\u00e7as, o PSDB do deputado federal Ant\u00f4nio Imbassahy, que teria a vaga de vice garantida para Jo\u00e3o Gualberto (PSDB) perderia o posto.<\/p>\n<p>A fonte afirma que Neto ofereceu as vagas de vice e do Senado para o PMDB de Geddel em troca do apoio ao pr\u00e9-candidato Paulo Souto. O peemedebista n\u00e3o confirma, mas tamb\u00e9m n\u00e3o nega que a proposta tenha abalado a alta c\u00fapula da sigla e o momento, garante, \u00e9 de reflex\u00e3o.<\/p>\n<p>Em fun\u00e7\u00e3o da mesma proposta, Neto teria \u2013 mais uma vez \u2013 adiado o anuncio da chapa, que teve o prazo findado na sexta-feira (04). O Boc\u00e3o News tentou contatos com representantes do DEM e do PSDB para confirmar, ou negar, a informa\u00e7\u00e3o. Mas, o informante atesta que os detalhes s\u00e3o mais do que seguros e adiantou que ainda na semana em curso todos os nomes da oposi\u00e7\u00e3o ser\u00e3o anunciados.<\/p>\n<p>A semana foi bastante atribulada para Geddel Vieira Lima. O peemedebista chegou a sentar para conversar com Domingos Leonelli, do PSB. Um dos pontos da conversa foi a probabilidade de fechar um apoio nacional a candidatura do presidenci\u00e1vel Eduardo Campos.<\/p>\n","protected":false},"excerpt":{"rendered":"<p>Com a decis\u00e3o n\u00e3o oficial do prefeito ACM Neto (DEM) em destacar o ex-governador Paulo Souto (DEM) da disputa pela vaga ao posto ao governo da Bahia em 2014, o tamb\u00e9m pr\u00e9-candidato oposicionista Geddel Vieira Lima (PMDB) poder\u00e1 lan\u00e7ar voo solo \u2013 com o apoio do PSC &#8211; e provocar um racha no bloco que [&hellip;]<\/p>\n","protected":false},"author":2,"featured_media":0,"comment_status":"open","ping_status":"open","sticky":false,"template":"","format":"standard","meta":{"_links_to":"","_links_to_target":""},"categories":[7],"tags":[],"_links":{"self":[{"href":"https:\/\/www.blogdotarugao.com.br\/v1\/wp-json\/wp\/v2\/posts\/6895"}],"collection":[{"href":"https:\/\/www.blogdotarugao.com.br\/v1\/wp-json\/wp\/v2\/posts"}],"about":[{"href":"https:\/\/www.blogdotarugao.com.br\/v1\/wp-json\/wp\/v2\/types\/post"}],"author":[{"embeddable":true,"href":"https:\/\/www.blogdotarugao.com.br\/v1\/wp-json\/wp\/v2\/users\/2"}],"replies":[{"embeddable":true,"href":"https:\/\/www.blogdotarugao.com.br\/v1\/wp-json\/wp\/v2\/comments?post=6895"}],"version-history":[{"count":1,"href":"https:\/\/www.blogdotarugao.com.br\/v1\/wp-json\/wp\/v2\/posts\/6895\/revisions"}],"predecessor-version":[{"id":6896,"href":"https:\/\/www.blogdotarugao.com.br\/v1\/wp-json\/wp\/v2\/posts\/6895\/revisions\/6896"}],"wp:attachment":[{"href":"https:\/\/www.blogdotarugao.com.br\/v1\/wp-json\/wp\/v2\/media?parent=6895"}],"wp:term":[{"taxonomy":"category","embeddable":true,"href":"https:\/\/www.blogdotarugao.com.br\/v1\/wp-json\/wp\/v2\/categories?post=6895"},{"taxonomy":"post_tag","embeddable":true,"href":"https:\/\/www.blogdotarugao.com.br\/v1\/wp-json\/wp\/v2\/tags?post=6895"}],"curies":[{"name":"wp","href":"https:\/\/api.w.org\/{rel}","templated":true}]}}